{"id":2421,"date":"2021-05-18T15:32:42","date_gmt":"2021-05-18T13:32:42","guid":{"rendered":"https:\/\/prestonpublishing.pl\/blog\/?p=2421"},"modified":"2024-08-05T15:08:59","modified_gmt":"2024-08-05T13:08:59","slug":"dlaczego-uczysz-sie-niemieckiego-cele-i-motywacja","status":"publish","type":"post","link":"https:\/\/prestonpublishing.pl\/blog\/jezyk-niemiecki\/dlaczego-uczysz-sie-niemieckiego-cele-i-motywacja\/","title":{"rendered":"Dlaczego uczysz si\u0119 niemieckiego? Cele i motywacja"},"content":{"rendered":"\n<p>Uczysz si\u0119 j\u0119zyka niemieckiego ju\u017c od wielu lat? A mo\u017ce w\u0142a\u015bnie zaczynasz nauk\u0119 albo dopiero j\u0105 planujesz? W ka\u017cdym z tych przypadk\u00f3w warto sobie postawi\u0107 jedno pytanie. <strong>Dlaczego chcesz si\u0119 uczy\u0107 niemieckiego?<\/strong> Zapytaj siebie samego o motywacj\u0119, wewn\u0119trzn\u0105 \u2013 a mo\u017ce te\u017c zewn\u0119trzn\u0105. O moc, dzi\u0119ki kt\u00f3rej dzia\u0142asz lub chcesz zacz\u0105\u0107 dzia\u0142a\u0107 z j\u0119zykiem niemieckim.&nbsp;<\/p>\n\n\n\n<figure class=\"wp-block-image aligncenter\"><a href=\"https:\/\/prestonpublishing.pl\/20-ksiazka?id_sub=13\" target=\"_blank\" rel=\"noreferrer noopener\"><img loading=\"lazy\" decoding=\"async\" width=\"1024\" height=\"768\" src=\"https:\/\/prestonpublishing.pl\/blog\/wp-content\/uploads\/2021\/05\/pexels-niki-nagy-1128416-1024x768.jpg\" alt=\"widok na budynek Bundestagu w Berlinie  po bokach powiewaj\u0105ce flagi Niemiec nauka j\u0119zyka niemieckiego Preston Publishing\" class=\"wp-image-2422\" srcset=\"https:\/\/prestonpublishing.pl\/blog\/wp-content\/uploads\/2021\/05\/pexels-niki-nagy-1128416-1024x768.jpg 1024w, https:\/\/prestonpublishing.pl\/blog\/wp-content\/uploads\/2021\/05\/pexels-niki-nagy-1128416-300x225.jpg 300w, https:\/\/prestonpublishing.pl\/blog\/wp-content\/uploads\/2021\/05\/pexels-niki-nagy-1128416-768x576.jpg 768w, https:\/\/prestonpublishing.pl\/blog\/wp-content\/uploads\/2021\/05\/pexels-niki-nagy-1128416-1536x1152.jpg 1536w, https:\/\/prestonpublishing.pl\/blog\/wp-content\/uploads\/2021\/05\/pexels-niki-nagy-1128416-2048x1536.jpg 2048w\" sizes=\"auto, (max-width: 1024px) 100vw, 1024px\" \/><\/a><\/figure>\n\n\n\n<h2 class=\"wp-block-heading\" id=\"h-po-pierwsze-cel-nauki-jezyka-niemieckiego\"><strong>Po pierwsze \u2013 cel nauki j\u0119zyka niemieckiego<\/strong><\/h2>\n\n\n\n<p>To w sumie do\u015b\u0107 proste pytanie \u2013 po co to robi\u0119 b\u0105d\u017a zamierzam to robi\u0107? Odpowiedz szczerze! Np. bo lubisz si\u0119 uczy\u0107 j\u0119zyk\u00f3w obcych i poznawa\u0107 inne kultury. Teraz w\u0142a\u015bnie przysz\u0142a kolej na niemiecki, bo znasz ju\u017c do\u015b\u0107 dobrze angielski, a oba j\u0119zyki s\u0105 przecie\u017c pokrewne. Albo dlatego, \u017ce planujesz zmian\u0119 pracy i w nowej firmie niezb\u0119dna jest <strong>znajomo\u015b\u0107 j\u0119zyka niemieckiego<\/strong>. Oczywi\u015bcie nowa kompetencja pozwoli Ci zyska\u0107 szans\u0119 na <a href=\"https:\/\/prestonpublishing.pl\/blog\/jezyk-niemiecki\/gdy-kryzys-staje-sie-szansa-zarabiaj-na-swoim-niemieckim\/\">lepsze wynagrodzenie<\/a> ni\u017c to otrzymywane dotychczas.<\/p>\n\n\n\n<p>A mo\u017ce planujesz kr\u00f3tszy lub d\u0142u\u017cszy pobyt w Niemczech, Austrii b\u0105d\u017a Szwajcarii? I chcesz bezproblemowo porozumiewa\u0107 si\u0119 w sytuacjach \u017cycia codziennego? Je\u015bli ju\u017c uczysz si\u0119 j\u0119zyka niemieckiego, z pewno\u015bci\u0105 zale\u017cy Ci na rozwijaniu posiadanych przez Ciebie umiej\u0119tno\u015bci j\u0119zykowych, np. przej\u015bciu z poziomu niemieckiego A2 na B1, czy wr\u0119cz B2 i zdobyciu odpowiedniego certyfikatu Instytutu Goethego lub Instytutu Austriackiego.&nbsp;<\/p>\n\n\n\n<p>Wszystkie te przyk\u0142ady \u2013 a z pewno\u015bci\u0105 jest ich wi\u0119cej \u2013 to <strong>konkretne motywy<\/strong>, kt\u00f3re b\u0119d\u0105 determinowa\u0107 Twoj\u0105 nauk\u0119 j\u0119zyka niemieckiego. Przy ka\u017cdym z nich mo\u017cesz postawi\u0107 sobie te\u017c wyra\u017ane cele. Im lepiej je zdefiniujesz, tym te\u017c efektywniejsza b\u0119dzie Twoja nauka i czerpana z niej satysfakcja.&nbsp;<\/p>\n\n\n\n<h2 class=\"wp-block-heading\" id=\"h-po-drugie-wytrwalosc-i-systematycznosc-nbsp\"><strong>Po drugie \u2013 wytrwa\u0142o\u015b\u0107 i systematyczno\u015b\u0107&nbsp;<\/strong><\/h2>\n\n\n\n<p>Nic nie popycha nas do jeszcze efektywniejszego dzia\u0142ania jak poczucie satysfakcji, czyli zadowolenie z tego, co udaje si\u0119 nam osi\u0105ga\u0107. Umiej\u0119tno\u015b\u0107 zauwa\u017cania post\u0119p\u00f3w we w\u0142asnej nauce to rzecz kluczowa w motywacji. To wr\u0119cz podstawa wytrwa\u0142o\u015bci w realizacji powzi\u0119tych postanowie\u0144 w nabywaniu nowych kompetencji j\u0119zykowych. <\/p>\n\n\n\n<p>Oczywi\u015bcie wytrwa\u0142a nauka nie jest wbrew pozorom \u0142atwa. Wymaga samodyscypliny, regularno\u015bci, <strong>wykszta\u0142cenia nawyku systematycznej pracy z j\u0119zykiem<\/strong>, czyli sta\u0142ego i powtarzalnego z nim kontaktu. St\u0105d te\u017c istotne jest w Twojej <a href=\"https:\/\/prestonpublishing.pl\/blog\/jezyk-niemiecki\/mozaika-dialektow-jeden-jezyk-niemiecki-dla-poczatkujacych\/\">nauce j\u0119zyka niemieckiego<\/a> takie podej\u015bcie do niej, by sprawia\u0142a Ci ona przyjemno\u015b\u0107. Mo\u017ce pami\u0119tasz, jak uda\u0142o Ci si\u0119 napisa\u0107 pierwszego, kr\u00f3tkiego maila w j\u0119zyku niemieckim i otrzyma\u0107 na niego odpowied\u017a? Albo po ca\u0142orocznej nauce j\u0119zyka wyjecha\u0107 na wakacje do Niemiec i zapyta\u0107 o drog\u0119 lub kupi\u0107 bilet? Zosta\u0107 zrozumianym i cieszy\u0107 si\u0119 tym, \u017ce tak dzia\u0142a komunikacja, \u017ce to nie tylko praca z ksi\u0105\u017ck\u0105: to motywuje i dodaje energii do dalszej nauki j\u0119zyka. O takie uczucie satysfakcji w\u0142a\u015bnie tutaj chodzi!<\/p>\n\n\n\n<p>Co to oznacza w praktyce? Kiedy ju\u017c zdefiniujesz, po co uczysz si\u0119 nowego j\u0119zyka, warto okre\u015bli\u0107 czas, kt\u00f3ry chcesz po\u015bwi\u0119ci\u0107 na kontakt z nim \u2013 je\u015bli to mo\u017cliwe kontakt cykliczny. Najlepsz\u0105 opcj\u0105 jest&nbsp;<strong>codzienna nauka przez 15-20 minut<\/strong>. Zaplanuj j\u0105 tak, by z jednej strony powtarza\u0107 ju\u017c opanowane tre\u015bci, a z drugiej dodawa\u0107 do nich nowe s\u0142ownictwo i struktury gramatyczne. Pozwoli Ci to uzmys\u0142owi\u0107 sobie Tw\u00f3j progres j\u0119zykowy, czyli czynione sukcesywnie post\u0119py w nauce niemieckiego.&nbsp;<\/p>\n\n\n\n<figure class=\"wp-block-image aligncenter is-resized\"><a href=\"https:\/\/prestonpublishing.pl\/20-ksiazka?id_sub=13\" target=\"_blank\" rel=\"noreferrer noopener\"><img loading=\"lazy\" decoding=\"async\" width=\"1024\" height=\"683\" src=\"https:\/\/prestonpublishing.pl\/blog\/wp-content\/uploads\/2021\/05\/pexels-vlada-karpovich-4050415-1024x683.jpg\" alt=\"dziewczyna w okularach i zielonym sweterku pije kaw\u0119 z kubka patrz\u0105c w ekran laptopa le\u017c\u0105c\u0105 na \u0142\u00f3\u017cku w sypialnie dooko\u0142a \u017c\u00f3\u0142te poduszki i dekoracje w kolorach be\u017cu nauka j\u0119zyka niemieckiego Preston Publishing\" class=\"wp-image-2424\" srcset=\"https:\/\/prestonpublishing.pl\/blog\/wp-content\/uploads\/2021\/05\/pexels-vlada-karpovich-4050415-1024x683.jpg 1024w, https:\/\/prestonpublishing.pl\/blog\/wp-content\/uploads\/2021\/05\/pexels-vlada-karpovich-4050415-300x200.jpg 300w, https:\/\/prestonpublishing.pl\/blog\/wp-content\/uploads\/2021\/05\/pexels-vlada-karpovich-4050415-768x512.jpg 768w, https:\/\/prestonpublishing.pl\/blog\/wp-content\/uploads\/2021\/05\/pexels-vlada-karpovich-4050415-1536x1024.jpg 1536w, https:\/\/prestonpublishing.pl\/blog\/wp-content\/uploads\/2021\/05\/pexels-vlada-karpovich-4050415-2048x1365.jpg 2048w\" sizes=\"auto, (max-width: 1024px) 100vw, 1024px\" \/><\/a><\/figure>\n\n\n\n<h2 class=\"wp-block-heading\" id=\"h-po-trzecie-nauka-jezyka-obcego-malymi-krokami\"><strong>Po trzecie \u2013 nauka j\u0119zyka obcego ma\u0142ymi krokami<\/strong><\/h2>\n\n\n\n<p>Dozuj sobie materia\u0142, kt\u00f3ry chcesz opanowa\u0107. Zasada ma\u0142ych krok\u00f3w sprawdza si\u0119 zawsze, a po pewnym czasie zobaczysz, jak rozwiniesz si\u0119 w nauce nowego j\u0119zyka obcego. Wa\u017cne by te kroki by\u0142y klarownie zdefiniowane. Oznacza to, \u017ce uczysz si\u0119 konkretnych rzeczy i to w spos\u00f3b mierzalny. <\/p>\n\n\n\n<p>Na przyk\u0142ad <strong>w poniedzia\u0142ek<\/strong>\u00a0poznajesz nowe aspekty gramatyczne, jak np. przyimki zwi\u0105zane z ruchem czy <a href=\"https:\/\/prestonpublishing.pl\/blog\/jezyk-niemiecki\/byla-sobie-raz-dziewczynka-o-imieniu-laura-czas-na-prateritum\/\">niemieckie czasy<\/a>. <strong>We<\/strong>\u00a0<strong>wtorek<\/strong>\u00a0koncentrujesz si\u0119 na s\u0142ownictwie opisuj\u0105cym dom i mieszkanie. <strong>W\u00a0\u015brod\u0119<\/strong> integrujesz te zagadnienia trenuj\u0105c je w stosownych \u0107wiczeniach, kt\u00f3re \u0142\u0105cz\u0105 gramatyk\u0119 i leksyk\u0119. Wa\u017cne, by mia\u0142y one zawsze praktyczny kontekst komunikacyjny, kt\u00f3ry mo\u017cesz zastosowa\u0107 w realnych sytuacjach \u017cycia. To istotny pragmatyczny kontekst nauki!\u00a0<\/p>\n\n\n\n<p><strong>Czwartek<\/strong>&nbsp;to pog\u0142\u0119bienie zdobytej ju\u017c wiedzy j\u0119zykowej o np. frazy idiomatyczne. Pozwol\u0105 Ci one komunikowa\u0107 si\u0119 tak, jak czyni\u0105 to na co dzie\u0144 Niemcy, Austriacy czy Szwajcarzy.&nbsp;<strong>Pi\u0105tek<\/strong>&nbsp;to dobry czas na powt\u00f3rk\u0119 ca\u0142o\u015bci, powr\u00f3t do tych \u0107wicze\u0144, kt\u00f3re wydawa\u0142y Ci si\u0119 trudniejsze. To ponowne ods\u0142uchanie tekst\u00f3w na rozwijanie sprawno\u015bci rozumienia ze s\u0142uchu. To r\u00f3wnie\u017c dobra okazja do powt\u00f3rzenia niekt\u00f3rych zda\u0144 z wcze\u015bniejszych \u0107wicze\u0144 wraz z sytuacyjnym wizualizowaniem sobie tego, o czym jest mowa w konkretnych zdaniach. Ostatecznie to anga\u017cowanie wyobra\u017ani w proces nauki, kt\u00f3ra wzmocni zapami\u0119tywane przez Ciebie tre\u015bci j\u0119zykowe. Je\u015bli zauwa\u017cysz, \u017ce masz jeszcze trudno\u015bci z pewnymi wyrazami lub zagadnieniami gramatycznymi, zaznacz je sobie w materiale, z kt\u00f3rego korzystasz w swojej nauce j\u0119zyka, by powr\u00f3ci\u0107 do nich za jaki\u015b czas \u2013 aby nie traci\u0107 Twojej motywacji i czerpa\u0107 rado\u015b\u0107 z tego, co nowe w j\u0119zyku, id\u017a dalej z materia\u0142em.&nbsp;<\/p>\n\n\n\n<figure class=\"wp-block-image aligncenter is-resized\"><a href=\"https:\/\/prestonpublishing.pl\/20-ksiazka?id_sub=13\" target=\"_blank\" rel=\"noreferrer noopener\"><img loading=\"lazy\" decoding=\"async\" width=\"1024\" height=\"683\" src=\"https:\/\/prestonpublishing.pl\/blog\/wp-content\/uploads\/2021\/05\/pexels-tim-douglas-6567598-1-1024x683.jpg\" alt=\"dwie dziewczyny stoj\u0105ce na chodniku z torebkami z zakupami ubrane na jesienno w tle wie\u017cowce  nauka j\u0119zyka niemieckiego Preston Publishing\" class=\"wp-image-2426\" srcset=\"https:\/\/prestonpublishing.pl\/blog\/wp-content\/uploads\/2021\/05\/pexels-tim-douglas-6567598-1-1024x683.jpg 1024w, https:\/\/prestonpublishing.pl\/blog\/wp-content\/uploads\/2021\/05\/pexels-tim-douglas-6567598-1-300x200.jpg 300w, https:\/\/prestonpublishing.pl\/blog\/wp-content\/uploads\/2021\/05\/pexels-tim-douglas-6567598-1-768x512.jpg 768w, https:\/\/prestonpublishing.pl\/blog\/wp-content\/uploads\/2021\/05\/pexels-tim-douglas-6567598-1-1536x1024.jpg 1536w, https:\/\/prestonpublishing.pl\/blog\/wp-content\/uploads\/2021\/05\/pexels-tim-douglas-6567598-1-2048x1365.jpg 2048w\" sizes=\"auto, (max-width: 1024px) 100vw, 1024px\" \/><\/a><\/figure>\n\n\n\n<p>Proces nauki j\u0119zyka to taki fenomen, w kt\u00f3rym i tak powr\u00f3cisz do tego, co pojawi\u0142o si\u0119 ju\u017c wcze\u015bniej. Najcz\u0119\u015bciej jednak w nowym kontek\u015bcie. To niezwykle inspiruj\u0105ca cecha ka\u017cdego j\u0119zyka. Pozwoli Ci ona przypomnie\u0107 sobie i powt\u00f3rzy\u0107 rzeczy wcze\u015bniej nabywane. A przy okazji nie b\u0119dziesz si\u0119 nudzi\u0107, drepcz\u0105c przys\u0142owiowo w ko\u0142o. Stanie w miejscu jest frustruj\u0105ce i demotywuj\u0105ce. Pami\u0119taj: Je\u015bli nie chcesz powoli traci\u0107 motywacji, kt\u00f3ra Ci towarzyszy\u0142a na starcie nauki j\u0119zyka,&nbsp;<strong>koncentruj si\u0119 na tym, co ju\u017c potrafisz<\/strong>, a nie na tym, z czym masz problemy.<\/p>\n\n\n\n<h2 class=\"wp-block-heading\" id=\"h-po-czwarte-dobra-ksiazka-do-nauki-niemieckiego\"><strong>Po czwarte \u2013 dobra ksi\u0105\u017cka do nauki niemieckiego<\/strong><\/h2>\n\n\n\n<p>Na pewno zastanawiasz si\u0119, jak samodzielnie wybra\u0107 zagadnienia do nauki i gdzie znale\u017a\u0107 odpowiednie materia\u0142y. Zale\u017cy Ci na systematycznej nauce niemieckiego? Jeste\u015b ju\u017c na poziomie A2? Polecam Ci ksi\u0105\u017ck\u0119 wr\u0119cz stworzon\u0105 do samodzielnej nauki:&nbsp;<em><a href=\"https:\/\/prestonpublishing.pl\/niemiecki\/354-niemiecki-365-na-kazdy-dzien.html\">Niemiecki 365 na ka\u017cdy dzie\u0144<\/a><\/em>. To gotowy, roczny kurs j\u0119zyka niemieckiego w jednej ksi\u0105\u017cce, kt\u00f3ry podniesie Tw\u00f3j poziom znajomo\u015bci niemieckiego a\u017c do B2!<\/p>\n\n\n\n<figure class=\"wp-block-image is-resized\"><a href=\"https:\/\/prestonpublishing.pl\/niemiecki\/354-niemiecki-365-na-kazdy-dzien.html\" target=\"_blank\" rel=\"noreferrer noopener\"><img loading=\"lazy\" decoding=\"async\" width=\"1024\" height=\"1024\" src=\"https:\/\/prestonpublishing.pl\/blog\/wp-content\/uploads\/2021\/01\/4067AD4A-FA7B-4848-A2C7-133D4D00C5C3-1024x1024.jpg\" alt=\"ok\u0142adki ksi\u0105\u017cki Preston Publishing o tytule 365 niemiecki na ka\u017cdy dzie\u0144 \u017c\u00f3\u0142t\u0105 ok\u0142adka z czerwonymi grafikami kojarz\u0105cymi si\u0119 z niemiecka kultura nauka j\u0119zyka niemieckiego Preston Publishing\" class=\"wp-image-2260\" style=\"width:768px;height:768px\" srcset=\"https:\/\/prestonpublishing.pl\/blog\/wp-content\/uploads\/2021\/01\/4067AD4A-FA7B-4848-A2C7-133D4D00C5C3-1024x1024.jpg 1024w, https:\/\/prestonpublishing.pl\/blog\/wp-content\/uploads\/2021\/01\/4067AD4A-FA7B-4848-A2C7-133D4D00C5C3-300x300.jpg 300w, https:\/\/prestonpublishing.pl\/blog\/wp-content\/uploads\/2021\/01\/4067AD4A-FA7B-4848-A2C7-133D4D00C5C3-150x150.jpg 150w, https:\/\/prestonpublishing.pl\/blog\/wp-content\/uploads\/2021\/01\/4067AD4A-FA7B-4848-A2C7-133D4D00C5C3-768x768.jpg 768w, https:\/\/prestonpublishing.pl\/blog\/wp-content\/uploads\/2021\/01\/4067AD4A-FA7B-4848-A2C7-133D4D00C5C3.jpg 1440w\" sizes=\"auto, (max-width: 1024px) 100vw, 1024px\" \/><\/a><\/figure>\n\n\n\n<p><strong>dr Sebastian Mro\u017cek<\/strong>&nbsp;\u2013 germanista, nauczyciel i lektor. A przede wszystkim pasjonat j\u0119zyka niemieckiego, kt\u00f3ry \u0142\u0105czy do\u015bwiadczenie pracy w edukacji z aktywno\u015bci\u0105 zawodow\u0105 w korporacji. Na co dzie\u0144 poszukuje praktycznych zastosowa\u0144 dla j\u0119zyka s\u0105siad\u00f3w zza Odry. W wolnych chwilach zanurza si\u0119 w literatur\u0119 psychologiczn\u0105, by m\u00f3c lepiej (z)rozumie\u0107 otaczaj\u0105cy \u015bwiat oraz procesy zwi\u0105zane z jego poznawaniem. Smakosz dobrej kawy.<\/p>\n","protected":false},"excerpt":{"rendered":"<p>Uczysz si\u0119 j\u0119zyka niemieckiego ju\u017c od wielu lat? A mo\u017ce w\u0142a\u015bnie zaczynasz nauk\u0119 albo dopiero j\u0105 planujesz? W ka\u017cdym z tych przypadk\u00f3w warto sobie postawi\u0107 jedno pytanie. Dlaczego chcesz si\u0119 uczy\u0107 niemieckiego? Zapytaj siebie samego o motywacj\u0119, wewn\u0119trzn\u0105 \u2013 a mo\u017ce te\u017c zewn\u0119trzn\u0105. O moc, dzi\u0119ki kt\u00f3rej dzia\u0142asz lub chcesz zacz\u0105\u0107 dzia\u0142a\u0107 z j\u0119zykiem niemieckim.&nbsp; [&hellip;]<\/p>\n","protected":false},"author":6,"featured_media":2423,"comment_status":"open","ping_status":"open","sticky":false,"template":"","format":"standard","meta":{"footnotes":""},"categories":[9],"tags":[129,180,238,248],"class_list":["post-2421","post","type-post","status-publish","format-standard","has-post-thumbnail","hentry","category-jezyk-niemiecki","tag-niemiecki","tag-365-na-kazdy-dzien","tag-365-niemiecki","tag-nauka-niemieckiego"],"blocksy_meta":[],"featured_image_urls":{"full":["https:\/\/prestonpublishing.pl\/blog\/wp-content\/uploads\/2021\/05\/pexels-pixabay-269874-scaled.jpg",2560,1707,false],"thumbnail":["https:\/\/prestonpublishing.pl\/blog\/wp-content\/uploads\/2021\/05\/pexels-pixabay-269874-150x150.jpg",150,150,true],"medium":["https:\/\/prestonpublishing.pl\/blog\/wp-content\/uploads\/2021\/05\/pexels-pixabay-269874-300x200.jpg",300,200,true],"medium_large":["https:\/\/prestonpublishing.pl\/blog\/wp-content\/uploads\/2021\/05\/pexels-pixabay-269874-768x512.jpg",768,512,true],"large":["https:\/\/prestonpublishing.pl\/blog\/wp-content\/uploads\/2021\/05\/pexels-pixabay-269874-1024x683.jpg",1024,683,true],"1536x1536":["https:\/\/prestonpublishing.pl\/blog\/wp-content\/uploads\/2021\/05\/pexels-pixabay-269874-1536x1024.jpg",1536,1024,true],"2048x2048":["https:\/\/prestonpublishing.pl\/blog\/wp-content\/uploads\/2021\/05\/pexels-pixabay-269874-2048x1365.jpg",2048,1365,true]},"post_excerpt_stackable":"<p>Uczysz si\u0119 j\u0119zyka niemieckiego ju\u017c od wielu lat? A mo\u017ce w\u0142a\u015bnie zaczynasz nauk\u0119 albo dopiero j\u0105 planujesz? W ka\u017cdym z tych przypadk\u00f3w warto sobie postawi\u0107 jedno pytanie. Dlaczego chcesz si\u0119 uczy\u0107 niemieckiego? Zapytaj siebie samego o motywacj\u0119, wewn\u0119trzn\u0105 \u2013 a mo\u017ce te\u017c zewn\u0119trzn\u0105. O moc, dzi\u0119ki kt\u00f3rej dzia\u0142asz lub chcesz zacz\u0105\u0107 dzia\u0142a\u0107 z j\u0119zykiem niemieckim.&nbsp; Po pierwsze \u2013 cel nauki j\u0119zyka niemieckiego To w sumie do\u015b\u0107 proste pytanie \u2013 po co to robi\u0119 b\u0105d\u017a zamierzam to robi\u0107? Odpowiedz szczerze! Np. bo lubisz si\u0119 uczy\u0107 j\u0119zyk\u00f3w obcych i poznawa\u0107 inne kultury. Teraz w\u0142a\u015bnie przysz\u0142a kolej na niemiecki, bo znasz ju\u017c do\u015b\u0107&hellip;<\/p>\n","category_list":"<a href=\"https:\/\/prestonpublishing.pl\/blog\/category\/jezyk-niemiecki\/\" rel=\"category tag\">Niemiecki<\/a>","author_info":{"name":"Marianna Umerle","url":"https:\/\/prestonpublishing.pl\/blog\/author\/marianna\/"},"comments_num":"0 comments","yoast_head":"<!-- This site is optimized with the Yoast SEO Premium plugin v23.0 (Yoast SEO v23.0) - https:\/\/yoast.com\/wordpress\/plugins\/seo\/ -->\n<title>Dlaczego uczysz si\u0119 niemieckiego? Cele i motywacja | Blog Preston Publishing<\/title>\n<meta name=\"description\" content=\"Uczysz si\u0119 j\u0119zyka niemieckiego ju\u017c od wielu lat? A mo\u017ce zaczynasz nauk\u0119 albo j\u0105 planujesz? Dlaczego chcesz uczy\u0107 si\u0119 niemieckiego?\" \/>\n<meta name=\"robots\" content=\"index, follow, max-snippet:-1, max-image-preview:large, max-video-preview:-1\" \/>\n<link rel=\"canonical\" href=\"https:\/\/prestonpublishing.pl\/blog\/jezyk-niemiecki\/dlaczego-uczysz-sie-niemieckiego-cele-i-motywacja\/\" \/>\n<meta property=\"og:locale\" content=\"pl_PL\" \/>\n<meta property=\"og:type\" content=\"article\" \/>\n<meta property=\"og:title\" content=\"Dlaczego uczysz si\u0119 niemieckiego? Cele i motywacja | Blog Preston Publishing\" \/>\n<meta property=\"og:description\" content=\"Uczysz si\u0119 j\u0119zyka niemieckiego ju\u017c od wielu lat? A mo\u017ce zaczynasz nauk\u0119 albo j\u0105 planujesz? Dlaczego chcesz uczy\u0107 si\u0119 niemieckiego?\" \/>\n<meta property=\"og:url\" content=\"https:\/\/prestonpublishing.pl\/blog\/jezyk-niemiecki\/dlaczego-uczysz-sie-niemieckiego-cele-i-motywacja\/\" \/>\n<meta property=\"og:site_name\" content=\"Blog Preston Publishing\" \/>\n<meta property=\"article:publisher\" content=\"https:\/\/www.facebook.com\/prestonpublishing1\" \/>\n<meta property=\"article:published_time\" content=\"2021-05-18T13:32:42+00:00\" \/>\n<meta property=\"article:modified_time\" content=\"2024-08-05T13:08:59+00:00\" \/>\n<meta property=\"og:image\" content=\"https:\/\/prestonpublishing.pl\/blog\/wp-content\/uploads\/2021\/05\/pexels-pixabay-269874-scaled.jpg\" \/>\n\t<meta property=\"og:image:width\" content=\"2560\" \/>\n\t<meta property=\"og:image:height\" content=\"1707\" \/>\n\t<meta property=\"og:image:type\" content=\"image\/jpeg\" \/>\n<meta name=\"author\" content=\"Marianna Umerle\" \/>\n<meta name=\"twitter:card\" content=\"summary_large_image\" \/>\n<meta name=\"twitter:label1\" content=\"Napisane przez\" \/>\n\t<meta name=\"twitter:data1\" content=\"Marianna Umerle\" \/>\n\t<meta name=\"twitter:label2\" content=\"Szacowany czas czytania\" \/>\n\t<meta name=\"twitter:data2\" content=\"7 minut\" \/>\n<script type=\"application\/ld+json\" class=\"yoast-schema-graph\">{\"@context\":\"https:\/\/schema.org\",\"@graph\":[{\"@type\":\"Article\",\"@id\":\"https:\/\/prestonpublishing.pl\/blog\/jezyk-niemiecki\/dlaczego-uczysz-sie-niemieckiego-cele-i-motywacja\/#article\",\"isPartOf\":{\"@id\":\"https:\/\/prestonpublishing.pl\/blog\/jezyk-niemiecki\/dlaczego-uczysz-sie-niemieckiego-cele-i-motywacja\/\"},\"author\":{\"name\":\"Marianna Umerle\",\"@id\":\"https:\/\/prestonpublishing.pl\/blog\/#\/schema\/person\/83addd3232fccac99ddf059c43c0d90f\"},\"headline\":\"Dlaczego uczysz si\u0119 niemieckiego? Cele i motywacja\",\"datePublished\":\"2021-05-18T13:32:42+00:00\",\"dateModified\":\"2024-08-05T13:08:59+00:00\",\"mainEntityOfPage\":{\"@id\":\"https:\/\/prestonpublishing.pl\/blog\/jezyk-niemiecki\/dlaczego-uczysz-sie-niemieckiego-cele-i-motywacja\/\"},\"wordCount\":1143,\"commentCount\":0,\"publisher\":{\"@id\":\"https:\/\/prestonpublishing.pl\/blog\/#organization\"},\"image\":{\"@id\":\"https:\/\/prestonpublishing.pl\/blog\/jezyk-niemiecki\/dlaczego-uczysz-sie-niemieckiego-cele-i-motywacja\/#primaryimage\"},\"thumbnailUrl\":\"https:\/\/prestonpublishing.pl\/blog\/wp-content\/uploads\/2021\/05\/pexels-pixabay-269874-scaled.jpg\",\"keywords\":[\"niemiecki\",\"365 na ka\u017cdy dzie\u0144\",\"365 niemiecki\",\"nauka niemieckiego\"],\"articleSection\":[\"Niemiecki\"],\"inLanguage\":\"pl-PL\",\"potentialAction\":[{\"@type\":\"CommentAction\",\"name\":\"Comment\",\"target\":[\"https:\/\/prestonpublishing.pl\/blog\/jezyk-niemiecki\/dlaczego-uczysz-sie-niemieckiego-cele-i-motywacja\/#respond\"]}]},{\"@type\":\"WebPage\",\"@id\":\"https:\/\/prestonpublishing.pl\/blog\/jezyk-niemiecki\/dlaczego-uczysz-sie-niemieckiego-cele-i-motywacja\/\",\"url\":\"https:\/\/prestonpublishing.pl\/blog\/jezyk-niemiecki\/dlaczego-uczysz-sie-niemieckiego-cele-i-motywacja\/\",\"name\":\"Dlaczego uczysz si\u0119 niemieckiego? Cele i motywacja | Blog Preston Publishing\",\"isPartOf\":{\"@id\":\"https:\/\/prestonpublishing.pl\/blog\/#website\"},\"primaryImageOfPage\":{\"@id\":\"https:\/\/prestonpublishing.pl\/blog\/jezyk-niemiecki\/dlaczego-uczysz-sie-niemieckiego-cele-i-motywacja\/#primaryimage\"},\"image\":{\"@id\":\"https:\/\/prestonpublishing.pl\/blog\/jezyk-niemiecki\/dlaczego-uczysz-sie-niemieckiego-cele-i-motywacja\/#primaryimage\"},\"thumbnailUrl\":\"https:\/\/prestonpublishing.pl\/blog\/wp-content\/uploads\/2021\/05\/pexels-pixabay-269874-scaled.jpg\",\"datePublished\":\"2021-05-18T13:32:42+00:00\",\"dateModified\":\"2024-08-05T13:08:59+00:00\",\"description\":\"Uczysz si\u0119 j\u0119zyka niemieckiego ju\u017c od wielu lat? A mo\u017ce zaczynasz nauk\u0119 albo j\u0105 planujesz? Dlaczego chcesz uczy\u0107 si\u0119 niemieckiego?\",\"breadcrumb\":{\"@id\":\"https:\/\/prestonpublishing.pl\/blog\/jezyk-niemiecki\/dlaczego-uczysz-sie-niemieckiego-cele-i-motywacja\/#breadcrumb\"},\"inLanguage\":\"pl-PL\",\"potentialAction\":[{\"@type\":\"ReadAction\",\"target\":[\"https:\/\/prestonpublishing.pl\/blog\/jezyk-niemiecki\/dlaczego-uczysz-sie-niemieckiego-cele-i-motywacja\/\"]}]},{\"@type\":\"ImageObject\",\"inLanguage\":\"pl-PL\",\"@id\":\"https:\/\/prestonpublishing.pl\/blog\/jezyk-niemiecki\/dlaczego-uczysz-sie-niemieckiego-cele-i-motywacja\/#primaryimage\",\"url\":\"https:\/\/prestonpublishing.pl\/blog\/wp-content\/uploads\/2021\/05\/pexels-pixabay-269874-scaled.jpg\",\"contentUrl\":\"https:\/\/prestonpublishing.pl\/blog\/wp-content\/uploads\/2021\/05\/pexels-pixabay-269874-scaled.jpg\",\"width\":2560,\"height\":1707,\"caption\":\"mapa drogowa niemiec ze zbli\u017ceniem na Berlin nauka j\u0119zyka niemieckiego Preston Publishing\"},{\"@type\":\"BreadcrumbList\",\"@id\":\"https:\/\/prestonpublishing.pl\/blog\/jezyk-niemiecki\/dlaczego-uczysz-sie-niemieckiego-cele-i-motywacja\/#breadcrumb\",\"itemListElement\":[{\"@type\":\"ListItem\",\"position\":1,\"name\":\"PrestonPublishing Blog\",\"item\":\"https:\/\/prestonpublishing.pl\/blog\/\"},{\"@type\":\"ListItem\",\"position\":2,\"name\":\"Dlaczego uczysz si\u0119 niemieckiego? Cele i motywacja\"}]},{\"@type\":\"WebSite\",\"@id\":\"https:\/\/prestonpublishing.pl\/blog\/#website\",\"url\":\"https:\/\/prestonpublishing.pl\/blog\/\",\"name\":\"Blog Preston Publishing\",\"description\":\"Artyku\u0142y o nauce j\u0119zyk\u00f3w obcych\",\"publisher\":{\"@id\":\"https:\/\/prestonpublishing.pl\/blog\/#organization\"},\"alternateName\":\"Blog Preston\",\"potentialAction\":[{\"@type\":\"SearchAction\",\"target\":{\"@type\":\"EntryPoint\",\"urlTemplate\":\"https:\/\/prestonpublishing.pl\/blog\/?s={search_term_string}\"},\"query-input\":\"required name=search_term_string\"}],\"inLanguage\":\"pl-PL\"},{\"@type\":\"Organization\",\"@id\":\"https:\/\/prestonpublishing.pl\/blog\/#organization\",\"name\":\"PrestonPublishing Blog\",\"url\":\"https:\/\/prestonpublishing.pl\/blog\/\",\"logo\":{\"@type\":\"ImageObject\",\"inLanguage\":\"pl-PL\",\"@id\":\"https:\/\/prestonpublishing.pl\/blog\/#\/schema\/logo\/image\/\",\"url\":\"https:\/\/prestonpublishing.pl\/blog\/wp-content\/uploads\/2025\/01\/preston-logo-tagline-no-padding.svg\",\"contentUrl\":\"https:\/\/prestonpublishing.pl\/blog\/wp-content\/uploads\/2025\/01\/preston-logo-tagline-no-padding.svg\",\"caption\":\"PrestonPublishing Blog\"},\"image\":{\"@id\":\"https:\/\/prestonpublishing.pl\/blog\/#\/schema\/logo\/image\/\"},\"sameAs\":[\"https:\/\/www.facebook.com\/prestonpublishing1\",\"https:\/\/www.instagram.com\/prestonpublishing\/\",\"https:\/\/www.linkedin.com\/company\/prestonpublishing\"]},{\"@type\":\"Person\",\"@id\":\"https:\/\/prestonpublishing.pl\/blog\/#\/schema\/person\/83addd3232fccac99ddf059c43c0d90f\",\"name\":\"Marianna Umerle\",\"url\":\"https:\/\/prestonpublishing.pl\/blog\/author\/marianna\/\"}]}<\/script>\n<!-- \/ Yoast SEO Premium plugin. -->","yoast_head_json":{"title":"Dlaczego uczysz si\u0119 niemieckiego? Cele i motywacja | Blog Preston Publishing","description":"Uczysz si\u0119 j\u0119zyka niemieckiego ju\u017c od wielu lat? A mo\u017ce zaczynasz nauk\u0119 albo j\u0105 planujesz? Dlaczego chcesz uczy\u0107 si\u0119 niemieckiego?","robots":{"index":"index","follow":"follow","max-snippet":"max-snippet:-1","max-image-preview":"max-image-preview:large","max-video-preview":"max-video-preview:-1"},"canonical":"https:\/\/prestonpublishing.pl\/blog\/jezyk-niemiecki\/dlaczego-uczysz-sie-niemieckiego-cele-i-motywacja\/","og_locale":"pl_PL","og_type":"article","og_title":"Dlaczego uczysz si\u0119 niemieckiego? Cele i motywacja | Blog Preston Publishing","og_description":"Uczysz si\u0119 j\u0119zyka niemieckiego ju\u017c od wielu lat? A mo\u017ce zaczynasz nauk\u0119 albo j\u0105 planujesz? Dlaczego chcesz uczy\u0107 si\u0119 niemieckiego?","og_url":"https:\/\/prestonpublishing.pl\/blog\/jezyk-niemiecki\/dlaczego-uczysz-sie-niemieckiego-cele-i-motywacja\/","og_site_name":"Blog Preston Publishing","article_publisher":"https:\/\/www.facebook.com\/prestonpublishing1","article_published_time":"2021-05-18T13:32:42+00:00","article_modified_time":"2024-08-05T13:08:59+00:00","og_image":[{"width":2560,"height":1707,"url":"https:\/\/prestonpublishing.pl\/blog\/wp-content\/uploads\/2021\/05\/pexels-pixabay-269874-scaled.jpg","type":"image\/jpeg"}],"author":"Marianna Umerle","twitter_card":"summary_large_image","twitter_misc":{"Napisane przez":"Marianna Umerle","Szacowany czas czytania":"7 minut"},"schema":{"@context":"https:\/\/schema.org","@graph":[{"@type":"Article","@id":"https:\/\/prestonpublishing.pl\/blog\/jezyk-niemiecki\/dlaczego-uczysz-sie-niemieckiego-cele-i-motywacja\/#article","isPartOf":{"@id":"https:\/\/prestonpublishing.pl\/blog\/jezyk-niemiecki\/dlaczego-uczysz-sie-niemieckiego-cele-i-motywacja\/"},"author":{"name":"Marianna Umerle","@id":"https:\/\/prestonpublishing.pl\/blog\/#\/schema\/person\/83addd3232fccac99ddf059c43c0d90f"},"headline":"Dlaczego uczysz si\u0119 niemieckiego? Cele i motywacja","datePublished":"2021-05-18T13:32:42+00:00","dateModified":"2024-08-05T13:08:59+00:00","mainEntityOfPage":{"@id":"https:\/\/prestonpublishing.pl\/blog\/jezyk-niemiecki\/dlaczego-uczysz-sie-niemieckiego-cele-i-motywacja\/"},"wordCount":1143,"commentCount":0,"publisher":{"@id":"https:\/\/prestonpublishing.pl\/blog\/#organization"},"image":{"@id":"https:\/\/prestonpublishing.pl\/blog\/jezyk-niemiecki\/dlaczego-uczysz-sie-niemieckiego-cele-i-motywacja\/#primaryimage"},"thumbnailUrl":"https:\/\/prestonpublishing.pl\/blog\/wp-content\/uploads\/2021\/05\/pexels-pixabay-269874-scaled.jpg","keywords":["niemiecki","365 na ka\u017cdy dzie\u0144","365 niemiecki","nauka niemieckiego"],"articleSection":["Niemiecki"],"inLanguage":"pl-PL","potentialAction":[{"@type":"CommentAction","name":"Comment","target":["https:\/\/prestonpublishing.pl\/blog\/jezyk-niemiecki\/dlaczego-uczysz-sie-niemieckiego-cele-i-motywacja\/#respond"]}]},{"@type":"WebPage","@id":"https:\/\/prestonpublishing.pl\/blog\/jezyk-niemiecki\/dlaczego-uczysz-sie-niemieckiego-cele-i-motywacja\/","url":"https:\/\/prestonpublishing.pl\/blog\/jezyk-niemiecki\/dlaczego-uczysz-sie-niemieckiego-cele-i-motywacja\/","name":"Dlaczego uczysz si\u0119 niemieckiego? Cele i motywacja | Blog Preston Publishing","isPartOf":{"@id":"https:\/\/prestonpublishing.pl\/blog\/#website"},"primaryImageOfPage":{"@id":"https:\/\/prestonpublishing.pl\/blog\/jezyk-niemiecki\/dlaczego-uczysz-sie-niemieckiego-cele-i-motywacja\/#primaryimage"},"image":{"@id":"https:\/\/prestonpublishing.pl\/blog\/jezyk-niemiecki\/dlaczego-uczysz-sie-niemieckiego-cele-i-motywacja\/#primaryimage"},"thumbnailUrl":"https:\/\/prestonpublishing.pl\/blog\/wp-content\/uploads\/2021\/05\/pexels-pixabay-269874-scaled.jpg","datePublished":"2021-05-18T13:32:42+00:00","dateModified":"2024-08-05T13:08:59+00:00","description":"Uczysz si\u0119 j\u0119zyka niemieckiego ju\u017c od wielu lat? A mo\u017ce zaczynasz nauk\u0119 albo j\u0105 planujesz? Dlaczego chcesz uczy\u0107 si\u0119 niemieckiego?","breadcrumb":{"@id":"https:\/\/prestonpublishing.pl\/blog\/jezyk-niemiecki\/dlaczego-uczysz-sie-niemieckiego-cele-i-motywacja\/#breadcrumb"},"inLanguage":"pl-PL","potentialAction":[{"@type":"ReadAction","target":["https:\/\/prestonpublishing.pl\/blog\/jezyk-niemiecki\/dlaczego-uczysz-sie-niemieckiego-cele-i-motywacja\/"]}]},{"@type":"ImageObject","inLanguage":"pl-PL","@id":"https:\/\/prestonpublishing.pl\/blog\/jezyk-niemiecki\/dlaczego-uczysz-sie-niemieckiego-cele-i-motywacja\/#primaryimage","url":"https:\/\/prestonpublishing.pl\/blog\/wp-content\/uploads\/2021\/05\/pexels-pixabay-269874-scaled.jpg","contentUrl":"https:\/\/prestonpublishing.pl\/blog\/wp-content\/uploads\/2021\/05\/pexels-pixabay-269874-scaled.jpg","width":2560,"height":1707,"caption":"mapa drogowa niemiec ze zbli\u017ceniem na Berlin nauka j\u0119zyka niemieckiego Preston Publishing"},{"@type":"BreadcrumbList","@id":"https:\/\/prestonpublishing.pl\/blog\/jezyk-niemiecki\/dlaczego-uczysz-sie-niemieckiego-cele-i-motywacja\/#breadcrumb","itemListElement":[{"@type":"ListItem","position":1,"name":"PrestonPublishing Blog","item":"https:\/\/prestonpublishing.pl\/blog\/"},{"@type":"ListItem","position":2,"name":"Dlaczego uczysz si\u0119 niemieckiego? Cele i motywacja"}]},{"@type":"WebSite","@id":"https:\/\/prestonpublishing.pl\/blog\/#website","url":"https:\/\/prestonpublishing.pl\/blog\/","name":"Blog Preston Publishing","description":"Artyku\u0142y o nauce j\u0119zyk\u00f3w obcych","publisher":{"@id":"https:\/\/prestonpublishing.pl\/blog\/#organization"},"alternateName":"Blog Preston","potentialAction":[{"@type":"SearchAction","target":{"@type":"EntryPoint","urlTemplate":"https:\/\/prestonpublishing.pl\/blog\/?s={search_term_string}"},"query-input":"required name=search_term_string"}],"inLanguage":"pl-PL"},{"@type":"Organization","@id":"https:\/\/prestonpublishing.pl\/blog\/#organization","name":"PrestonPublishing Blog","url":"https:\/\/prestonpublishing.pl\/blog\/","logo":{"@type":"ImageObject","inLanguage":"pl-PL","@id":"https:\/\/prestonpublishing.pl\/blog\/#\/schema\/logo\/image\/","url":"https:\/\/prestonpublishing.pl\/blog\/wp-content\/uploads\/2025\/01\/preston-logo-tagline-no-padding.svg","contentUrl":"https:\/\/prestonpublishing.pl\/blog\/wp-content\/uploads\/2025\/01\/preston-logo-tagline-no-padding.svg","caption":"PrestonPublishing Blog"},"image":{"@id":"https:\/\/prestonpublishing.pl\/blog\/#\/schema\/logo\/image\/"},"sameAs":["https:\/\/www.facebook.com\/prestonpublishing1","https:\/\/www.instagram.com\/prestonpublishing\/","https:\/\/www.linkedin.com\/company\/prestonpublishing"]},{"@type":"Person","@id":"https:\/\/prestonpublishing.pl\/blog\/#\/schema\/person\/83addd3232fccac99ddf059c43c0d90f","name":"Marianna Umerle","url":"https:\/\/prestonpublishing.pl\/blog\/author\/marianna\/"}]}},"_links":{"self":[{"href":"https:\/\/prestonpublishing.pl\/blog\/wp-json\/wp\/v2\/posts\/2421","targetHints":{"allow":["GET"]}}],"collection":[{"href":"https:\/\/prestonpublishing.pl\/blog\/wp-json\/wp\/v2\/posts"}],"about":[{"href":"https:\/\/prestonpublishing.pl\/blog\/wp-json\/wp\/v2\/types\/post"}],"author":[{"embeddable":true,"href":"https:\/\/prestonpublishing.pl\/blog\/wp-json\/wp\/v2\/users\/6"}],"replies":[{"embeddable":true,"href":"https:\/\/prestonpublishing.pl\/blog\/wp-json\/wp\/v2\/comments?post=2421"}],"version-history":[{"count":6,"href":"https:\/\/prestonpublishing.pl\/blog\/wp-json\/wp\/v2\/posts\/2421\/revisions"}],"predecessor-version":[{"id":5700,"href":"https:\/\/prestonpublishing.pl\/blog\/wp-json\/wp\/v2\/posts\/2421\/revisions\/5700"}],"wp:featuredmedia":[{"embeddable":true,"href":"https:\/\/prestonpublishing.pl\/blog\/wp-json\/wp\/v2\/media\/2423"}],"wp:attachment":[{"href":"https:\/\/prestonpublishing.pl\/blog\/wp-json\/wp\/v2\/media?parent=2421"}],"wp:term":[{"taxonomy":"category","embeddable":true,"href":"https:\/\/prestonpublishing.pl\/blog\/wp-json\/wp\/v2\/categories?post=2421"},{"taxonomy":"post_tag","embeddable":true,"href":"https:\/\/prestonpublishing.pl\/blog\/wp-json\/wp\/v2\/tags?post=2421"}],"curies":[{"name":"wp","href":"https:\/\/api.w.org\/{rel}","templated":true}]}}