{"id":3134,"date":"2023-06-29T16:12:15","date_gmt":"2023-06-29T14:12:15","guid":{"rendered":"https:\/\/prestonpublishing.pl\/blog\/?p=3134"},"modified":"2025-08-07T12:37:57","modified_gmt":"2025-08-07T10:37:57","slug":"podroze-po-drugiej-stronie-odry-wakacje-i-komunikacja-w-jezyku-niemieckim","status":"publish","type":"post","link":"https:\/\/prestonpublishing.pl\/blog\/jezyk-niemiecki\/podroze-po-drugiej-stronie-odry-wakacje-i-komunikacja-w-jezyku-niemieckim\/","title":{"rendered":"Podr\u00f3\u017ce po drugiej stronie Odry. Wakacje i komunikacja w j\u0119zyku niemieckim"},"content":{"rendered":"\n<p>Niemiecki nie kojarzy Ci si\u0119 z wakacjami i wakacyjnymi podr\u00f3\u017cami? Od dzi\u015b to si\u0119 zmieni! Lato to \u015bwietny moment, by odkry\u0107 tajniki j\u0119zyka Goethego.Okres wakacyjny to czas, kt\u00f3ry wi\u0119kszo\u015b\u0107 z nas \u0142\u0105czy z beztroskimi chwilami sp\u0119dzanymi na pla\u017cy, w\u0119drowaniem po egzotycznych zak\u0105tkach \u015bwiata lub odkrywaniem lokalnych atrakcji. To tak\u017ce czas na kszta\u0142cenie swoich umiej\u0119tno\u015bci j\u0119zykowych.&nbsp;Czas na niemiecki w podr\u00f3\u017cy!<\/p>\n\n\n\n<p>Oczywi\u015bcie najbardziej przydatnym j\u0119zykiem obcym w podr\u00f3\u017cy zdaje si\u0119 by\u0107 angielski, ale nie tylko! W sytuacjach, kiedy nasz interlokutor nie pos\u0142uguje si\u0119 dobrze j\u0119zykiem angielskim, nawet podstawowa znajomo\u015b\u0107 lokalnego j\u0119zyka b\u0119dzie bardzo przydatna, nie m\u00f3wi\u0105c ju\u017c o sytuacjach awaryjnych.&nbsp;<\/p>\n\n\n\n<h2 class=\"wp-block-heading\" id=\"h-czy-warto-uczyc-sie-niemieckiego\">Czy warto uczy\u0107 si\u0119 niemieckiego?<\/h2>\n\n\n\n<p>Oto kilka powod\u00f3w, dlaczego warto <a href=\"https:\/\/prestonpublishing.pl\/blog\/jezyk-niemiecki\/gdy-kryzys-staje-sie-szansa-zarabiaj-na-swoim-niemieckim\/\">zainwestowa\u0107 w nauk\u0119 niemieckiego<\/a>:<\/p>\n\n\n\n<ul class=\"wp-block-list\">\n<li><strong>Komunikacja<\/strong>: Mimo \u017ce du\u017ca cz\u0119\u015b\u0107 Niemc\u00f3w zna angielski,&nbsp;<strong>znajomo\u015b\u0107 niemieckiego u\u0142atwia codzienn\u0105 komunikacj\u0119.<\/strong>&nbsp;Wielu miejscowych, zw\u0142aszcza starszych generacji oraz mieszkaj\u0105cych poza wielkimi metropoliami, takimi jak Berlin czy Monachium, mo\u017ce preferowa\u0107 rozmow\u0119 w ojczystym j\u0119zyku. Umiej\u0119tno\u015b\u0107 porozumiewania si\u0119 w niemieckim pozwoli Ci lepiej zrozumie\u0107 ich potrzeby i zwyczaje.<\/li>\n\n\n\n<li><strong>Interakcje kulturowe<\/strong>:&nbsp;<a href=\"https:\/\/prestonpublishing.pl\/blog\/jezyk-niemiecki\/gramatyka-niemiecka-na-poziomie-podstawowym-jezykowy-trening\/\">Znajomo\u015b\u0107 j\u0119zyka niemieckiego<\/a> umo\u017cliwia lepsze zrozumienie<strong> kultury i tradycji Niemiec<\/strong>. Pozwala na bardziej autentyczne interakcje z mieszka\u0144cami, odkrywanie ich zwyczaj\u00f3w i nawi\u0105zywanie wi\u0119zi. To r\u00f3wnie\u017c otwiera drzwi do uczestniczenia w lokalnych wydarzeniach i festiwalach, kt\u00f3re mog\u0105 nie by\u0107 tak dost\u0119pne dla os\u00f3b pos\u0142uguj\u0105cych si\u0119 jedynie j\u0119zykiem angielskim.<\/li>\n\n\n\n<li><strong>Praca i studia<\/strong>: Je\u015bli rozwa\u017casz podj\u0119cie pracy lub studi\u00f3w w Niemczech, <a href=\"https:\/\/prestonpublishing.pl\/blog\/jezyk-niemiecki\/mozaika-dialektow-jeden-jezyk-niemiecki-dla-poczatkujacych\/\">znajomo\u015b\u0107 j\u0119zyka niemieckiego<\/a> jest niezwykle cenna. Wielu pracodawc\u00f3w i uczelni oczekuje, \u017ce ich pracownicy i studenci b\u0119d\u0105 komunikowa\u0107 si\u0119 w j\u0119zyku niemieckim i <a href=\"https:\/\/prestonpublishing.pl\/blog\/jezyk-niemiecki\/niemiecki-biznesowy-w-biurze-poznaj-5-wskazowek-jezykowych\/\">niemieckim biznesowym<\/a>.&nbsp;Posiadanie umiej\u0119tno\u015bci j\u0119zykowych zwi\u0119ksza Twoje szanse na zdobycie <strong>wakacyjnej pracy lub miejsca na studiach.<\/strong><\/li>\n\n\n\n<li><strong>Codzienne sytuacje<\/strong>: Znajomo\u015b\u0107 niemieckiego u\u0142atwia codzienne sytuacje, takie jak<strong> zakupy, zamawianie jedzenia w restauracjach czy korzystanie z us\u0142ug publicznych<\/strong>. Poradzisz sobie w r\u00f3\u017cnych sytuacjach, bez konieczno\u015bci polegania na t\u0142umaczeniach lub znajomo\u015bci angielskiego przez wszystkich. <\/li>\n\n\n\n<li><strong>Szacunek i integracja<\/strong>: Niemcy doceniaj\u0105 wysi\u0142ek w\u0142o\u017cony w nauk\u0119 ich j\u0119zyka. Nawet je\u015bli Twoje umiej\u0119tno\u015bci s\u0105 na pocz\u0105tkowym poziomie, pr\u00f3ba porozumienia si\u0119 po niemiecku wyra\u017ca&nbsp;<strong>szacunek wobec kultury i ludzi<\/strong>.&nbsp;Pokazuje tak\u017ce Twoje zaanga\u017cowanie w integracj\u0119 z lokaln\u0105 spo\u0142eczno\u015bci\u0105.<\/li>\n<\/ul>\n\n\n\n<h2 class=\"wp-block-heading\" id=\"h-bogactwo-w-roznorodnosci-atrakcje-turystyczne-niemiec\">Bogactwo w r\u00f3\u017cnorodno\u015bci. Atrakcje turystyczne Niemiec<\/h2>\n\n\n\n<p>Niemcy to kraj pe\u0142en r\u00f3\u017cnorodnych <a href=\"https:\/\/prestonpublishing.pl\/blog\/jezyk-angielski\/wakacje-w-angielskim-stylu-podroze-i-konwersacje-po-angielsku\/\">atrakcji turystycznych<\/a>; r\u00f3\u017cni\u0105 si\u0119 one w zale\u017cno\u015bci od regionu, kt\u00f3ry odwiedzasz. Odkryj niezwyk\u0142e miejsca i ciekawostki kulturowe ka\u017cdego z pi\u0119knych niemieckich region\u00f3w:<\/p>\n\n\n\n<figure class=\"wp-block-image aligncenter is-resized\"><a href=\"https:\/\/prestonpublishing.pl\/82-ksiazka-niemiecki\" target=\"_blank\" rel=\"noreferrer noopener\"><img loading=\"lazy\" decoding=\"async\" width=\"1024\" height=\"683\" src=\"https:\/\/prestonpublishing.pl\/blog\/wp-content\/uploads\/2023\/06\/media-harbour-with-famous-rhinetower-dusseldorf-germany-1024x683.jpg\" alt=\"widok na Dusseldorf Niemiecki w podr\u00f3\u017cy Wakacje i komunikacja w j\u0119zyku niemieckim Preston Publishing\" class=\"wp-image-3137\" srcset=\"https:\/\/prestonpublishing.pl\/blog\/wp-content\/uploads\/2023\/06\/media-harbour-with-famous-rhinetower-dusseldorf-germany-1024x683.jpg 1024w, https:\/\/prestonpublishing.pl\/blog\/wp-content\/uploads\/2023\/06\/media-harbour-with-famous-rhinetower-dusseldorf-germany-300x200.jpg 300w, https:\/\/prestonpublishing.pl\/blog\/wp-content\/uploads\/2023\/06\/media-harbour-with-famous-rhinetower-dusseldorf-germany-768x512.jpg 768w, https:\/\/prestonpublishing.pl\/blog\/wp-content\/uploads\/2023\/06\/media-harbour-with-famous-rhinetower-dusseldorf-germany-1536x1024.jpg 1536w, https:\/\/prestonpublishing.pl\/blog\/wp-content\/uploads\/2023\/06\/media-harbour-with-famous-rhinetower-dusseldorf-germany-2048x1365.jpg 2048w\" sizes=\"auto, (max-width: 1024px) 100vw, 1024px\" \/><\/a><\/figure>\n\n\n\n<p><\/p>\n\n\n\n<ul class=\"wp-block-list\">\n<li><strong>P\u00f3\u0142nocna Fryzja<\/strong>: W tej malowniczej cz\u0119\u015bci kraju mo\u017cesz podziwia\u0107 rozleg\u0142e pla\u017ce Morza P\u00f3\u0142nocnego i tradycyjne wiatraki. Charakterystycznym zwyczajem jest tutaj&nbsp;<em>Friesennerz<\/em>&nbsp;\u2013 \u017c\u00f3\u0142ty przeciwdeszczowy p\u0142aszcz, kt\u00f3ry jest symbolem regionu. Mo\u017cesz tak\u017ce spr\u00f3bowa\u0107 s\u0142ynnej fryzyjskiej herbaty z kluskami i bor\u00f3wkami.<\/li>\n\n\n\n<li><strong>Bawaria<\/strong>: Ten po\u0142udniowy region s\u0142ynie ze swoich alpejskich krajobraz\u00f3w, zamk\u00f3w i pi\u0119knych jezior. Tutaj znajdziesz okaza\u0142e zamki, takie jak Neuschwanstein, kt\u00f3re inspirowa\u0142y bajki Disneya. Bawaria to r\u00f3wnie\u017c mekka piwnej kultury, z berli\u0144skim festiwalem piwa Oktoberfest na czele.<\/li>\n\n\n\n<li><strong>Nadrenia<\/strong>: Ta cz\u0119\u015b\u0107 Niemiec jest domem dla urokliwych miast nad brzegiem Renu, takich jak Kolonia i D\u00fcsseldorf. Ciekawostk\u0105 jest tradycyjne \u015bwi\u0119to Karneval, kiedy to miasta o\u017cywaj\u0105 w barwnych korowodach i zabawach. Nadrenia s\u0142ynie tak\u017ce z pysznych lokalnych specja\u0142\u00f3w, takich jak kaszanka K\u00f6lsche Kaviar i piwo Alt w D\u00fcsseldorfie.<\/li>\n\n\n\n<li><strong>Saksonia<\/strong>: To region bogaty w histori\u0119 i architektur\u0119. W Dre\u017anie, stolicy Saksonii, mo\u017cesz podziwia\u0107 pi\u0119kno zrekonstruowanego Pa\u0142acu Zwinger i opery Sempera. Z pewno\u015bci\u0105 zwr\u00f3cisz uwag\u0119 na tradycyjn\u0105 porcelan\u0119 mi\u015bnie\u0144sk\u0105 z miasta Meissen.<\/li>\n\n\n\n<li><strong>Meklemburgia-Pomorze Przednie<\/strong>: Ta kraina jezior, las\u00f3w i urokliwych miasteczek oferuje raj dla mi\u0142o\u015bnik\u00f3w natury. Tutaj znajduje si\u0119 Wielki Kana\u0142 Meklemburski (niem.&nbsp;<em>M\u00fcritz-Elde-Wasserstra\u00dfe<\/em>), kt\u00f3ry jest najd\u0142u\u017cszym kana\u0142em w Europie. Mieszka\u0144cy regionu s\u0105 dumni z tradycji rzemie\u015blniczych, takich jak wyroby z bursztynu i wytwarzanie tradycyjnych ubra\u0144 ludowych.<\/li>\n\n\n\n<li><strong>Dolna Saksonia<\/strong>: Ten region s\u0142ynie z pi\u0119knych park\u00f3w, takich jak Wielki Park Narodowy Harz. Mo\u017cesz r\u00f3wnie\u017c odkry\u0107 fascynuj\u0105ce miasta, takie jak Hanower, kt\u00f3re co pi\u0119\u0107 lat go\u015bci Expo \u2013 mi\u0119dzynarodow\u0105 wystaw\u0119 ogrodnicz\u0105. Dolna Saksonia jest r\u00f3wnie\u017c znana ze swoich pysznych wypiek\u00f3w w kszta\u0142cie ludzik\u00f3w, takich jak&nbsp;<em>Stutenkerl<\/em>.<\/li>\n<\/ul>\n\n\n\n<h2 class=\"wp-block-heading\" id=\"h-co-region-to-obyczaj-zroznicowanie-niemiec\">Co region, to obyczaj. Zr\u00f3\u017cnicowanie Niemiec<\/h2>\n\n\n\n<p>Podr\u00f3\u017cuj\u0105c po r\u00f3\u017cnych regionach Niemiec, warto zwr\u00f3ci\u0107 uwag\u0119 na&nbsp;r\u00f3\u017cnice mentalno\u015bciowo-obyczajowe&nbsp;mi\u0119dzy ich mieszka\u0144cami.&nbsp;Oto kilka aspekt\u00f3w, na kt\u00f3re warto zwr\u00f3ci\u0107 uwag\u0119:<\/p>\n\n\n\n<figure class=\"wp-block-image aligncenter is-resized\"><a href=\"https:\/\/prestonpublishing.pl\/82-ksiazka-niemiecki\" target=\"_blank\" rel=\"noreferrer noopener\"><img loading=\"lazy\" decoding=\"async\" width=\"1024\" height=\"1024\" src=\"https:\/\/prestonpublishing.pl\/blog\/wp-content\/uploads\/2023\/06\/top-view-pretzels-breakfast-1024x1024.jpg\" alt=\"dwa precle niemieckie podr\u00f3\u017ce po drugiej stronie odry Wakacje i komunikacja w j\u0119zyku niemieckim Preston Publishing\" class=\"wp-image-3138\" srcset=\"https:\/\/prestonpublishing.pl\/blog\/wp-content\/uploads\/2023\/06\/top-view-pretzels-breakfast-1024x1024.jpg 1024w, https:\/\/prestonpublishing.pl\/blog\/wp-content\/uploads\/2023\/06\/top-view-pretzels-breakfast-300x300.jpg 300w, https:\/\/prestonpublishing.pl\/blog\/wp-content\/uploads\/2023\/06\/top-view-pretzels-breakfast-150x150.jpg 150w, https:\/\/prestonpublishing.pl\/blog\/wp-content\/uploads\/2023\/06\/top-view-pretzels-breakfast-768x768.jpg 768w, https:\/\/prestonpublishing.pl\/blog\/wp-content\/uploads\/2023\/06\/top-view-pretzels-breakfast-1536x1536.jpg 1536w, https:\/\/prestonpublishing.pl\/blog\/wp-content\/uploads\/2023\/06\/top-view-pretzels-breakfast-2048x2048.jpg 2048w\" sizes=\"auto, (max-width: 1024px) 100vw, 1024px\" \/><\/a><\/figure>\n\n\n\n<ul class=\"wp-block-list\">\n<li><strong>P\u00f3\u0142noc vs Po\u0142udnie<\/strong>: P\u00f3\u0142nocne regiony, takie jak Hamburg i Brema, charakteryzuj\u0105 si\u0119 wi\u0119ksz\u0105 otwarto\u015bci\u0105 i bezpo\u015brednio\u015bci\u0105. Natomiast mieszka\u0144cy po\u0142udniowej Bawarii s\u0105 bardziej tradycyjni i maj\u0105 g\u0142\u0119boko zakorzenione warto\u015bci, a tak\u017ce sk\u0142onno\u015bci do piel\u0119gnowania lokalnych tradycji.<\/li>\n\n\n\n<li><strong>Zach\u00f3d vs Wsch\u00f3d:<\/strong>&nbsp;Zachodnie regiony, takie jak Nadrenia i Saksonia, s\u0105 uwa\u017cane za bardziej liberalne i kosmopolityczne. Natomiast w regionach wschodnich, takich jak Brandenburgia i Saksonia-Anhalt, mo\u017cna spotka\u0107 silniejsze przywi\u0105zanie do tradycji. Niekt\u00f3re spo\u0142eczno\u015bci maj\u0105 tendencj\u0119 do bycia bardziej konserwatywnymi.<\/li>\n\n\n\n<li><strong>Punktualno\u015b\u0107 i dyscyplina<\/strong>: Niemcy znani s\u0105 z punktualno\u015bci i dyscypliny. Jednak te cechy mog\u0105 si\u0119 nieco r\u00f3\u017cni\u0107 w zale\u017cno\u015bci od regionu. Na przyk\u0142ad mieszka\u0144cy p\u00f3\u0142nocnych i wschodnich region\u00f3w s\u0105 cz\u0119sto bardziej sk\u0142onni do przestrzegania ustalonych harmonogram\u00f3w i regu\u0142 ni\u017c w niekt\u00f3rych cz\u0119\u015bciach zachodnich Niemiec.<\/li>\n\n\n\n<li><strong>Odpowiedzialno\u015b\u0107 spo\u0142eczna<\/strong>: Niekt\u00f3re regiony, zw\u0142aszcza w po\u0142udniowych cz\u0119\u015bciach Niemiec, k\u0142ad\u0105 du\u017cy nacisk na odpowiedzialno\u015b\u0107 spo\u0142eczn\u0105 i dbanie o wsp\u00f3lnot\u0119. Wsp\u00f3lne dzia\u0142ania, takie jak praca spo\u0142eczna, wolontariat i utrzymywanie tradycji, s\u0105 wa\u017cne dla mieszka\u0144c\u00f3w tych region\u00f3w.<\/li>\n\n\n\n<li><strong>Religijne tradycje<\/strong>: Religijne tradycje w Niemczech tak\u017ce r\u00f3\u017cni\u0105 si\u0119 w zale\u017cno\u015bci od regionu. Na przyk\u0142ad w Bawarii katolickie wp\u0142ywy s\u0105 silniejsze, podczas gdy w p\u00f3\u0142nocnych regionach protestantyzm jest bardziej powszechny. To mo\u017ce wp\u0142ywa\u0107 na \u017cycie spo\u0142eczne i obyczaje w poszczeg\u00f3lnych regionach.<\/li>\n<\/ul>\n\n\n\n<h2 class=\"wp-block-heading\" id=\"h-kuchnia-niemiecka\">Kuchnia niemiecka<\/h2>\n\n\n\n<ul class=\"wp-block-list\">\n<li><strong>Kuchnia regionalna<\/strong>: Ka\u017cdy region w Niemczech ma swoje unikalne specja\u0142y kulinarne i zwyczaje zwi\u0105zane z jedzeniem. W Bawarii popularne s\u0105 dania mi\u0119sne, takie jak kie\u0142baski i piecze\u0144 wieprzowa. Nad Renem w Nadrenii znale\u017a\u0107 mo\u017cna pyszne przek\u0105ski, takie jak&nbsp;<em>Brezn<\/em>&nbsp;(precel bawarski) i&nbsp;<em>Handk\u00e4s mit Musik<\/em> (ser ple\u015bniowy podawany z cebul\u0105).<\/li>\n\n\n\n<li><strong>Ekologia i zr\u00f3wnowa\u017cony rozw\u00f3j<\/strong>: Zachodnie i p\u00f3\u0142nocne regiony Niemiec cz\u0119sto wykazuj\u0105 wi\u0119ksz\u0105 \u015bwiadomo\u015b\u0107 ekologiczn\u0105 i d\u0105\u017cenie do zr\u00f3wnowa\u017conego rozwoju. Mieszka\u0144cy tych region\u00f3w cz\u0119sto anga\u017cuj\u0105 si\u0119 w dzia\u0142ania proekologiczne, takie jak segregacja odpad\u00f3w, korzystanie z transportu publicznego i promowanie energii odnawialnej.<\/li>\n<\/ul>\n\n\n\n<h2 class=\"wp-block-heading\" id=\"h-reisen-bildet-podrozowanie-w-jezyku-niemieckim-niemiecki-w-podrozy\"><em>Reisen bildet<\/em>. Podr\u00f3\u017cowanie w j\u0119zyku niemieckim. Niemiecki w podr\u00f3\u017cy<\/h2>\n\n\n\n<p>Podczas wakacji i podr\u00f3\u017cy po malowniczych zak\u0105tkach Niemiec,&nbsp;<strong><a href=\"https:\/\/prestonpublishing.pl\/blog\/jezyk-niemiecki\/germanizmy-w-nauce-jezyka-niemieckiego-czyli-zapozyczenia-i-skojarzenia-ulatwiajace-prace-nad-jezykiem\/\">znajomo\u015b\u0107 przydatnych niemieckich wyra\u017ce\u0144<\/a><\/strong> mo\u017ce sprawi\u0107, \u017ce Twoje do\u015bwiadczenie stanie si\u0119 jeszcze bardziej satysfakcjonuj\u0105ce. Warto odkry\u0107 niekt\u00f3re z tych przydatnych zwrot\u00f3w, kt\u00f3re pomog\u0105 Ci porozumie\u0107 si\u0119 i nawi\u0105za\u0107 autentyczne kontakty podczas Twojej podr\u00f3\u017cy.<\/p>\n\n\n\n<ul class=\"wp-block-list\">\n<li><strong>Przywitanie<\/strong><\/li>\n<\/ul>\n\n\n\n<p>Pierwsze wra\u017cenie ma ogromne znaczenie. Dlatego warto rozpocz\u0105\u0107 swoje spotkanie z u\u015bmiechem i grzecznym&nbsp;<em>Guten Tag!<\/em>&nbsp;(Dzie\u0144 dobry!) lub&nbsp;<em>Hallo!<\/em>&nbsp;(Cze\u015b\u0107!). Je\u015bli chcesz zademonstrowa\u0107 swoje zainteresowanie samopoczuciem drugiej osoby, mo\u017cesz zapyta\u0107&nbsp;<em>Wie geht es Ihnen?<\/em>&nbsp;(Jak si\u0119 Pan\/Pani ma?).<\/p>\n\n\n\n<ul class=\"wp-block-list\">\n<li><strong>Zapytanie o drog\u0119<\/strong><\/li>\n<\/ul>\n\n\n\n<p>W trakcie zwiedzania nieznanego terenu \u0142atwo si\u0119 zgubi\u0107. Dlatego warto nauczy\u0107 si\u0119 kilku prostych zda\u0144, kt\u00f3re pomog\u0105 Ci zwr\u00f3ci\u0107 si\u0119 o pomoc.&nbsp;<em>Entschuldigung, wo ist&#8230;?<\/em>&nbsp;(Przepraszam, gdzie jest&#8230;?) to przyk\u0142ad pytania, kt\u00f3re przyda si\u0119 w sytuacji poszukiwania konkretnej lokalizacji. Je\u015bli potrzebujesz wskaz\u00f3wek dotycz\u0105cych drogi, mo\u017cesz zapyta\u0107&nbsp;<em>K\u00f6nnen Sie mir den Weg zum&#8230; zeigen?<\/em>&nbsp;(Czy mo\u017ce mi Pan\/Pani wskaza\u0107 drog\u0119 do&#8230;?).<\/p>\n\n\n\n<ul class=\"wp-block-list\">\n<li><strong>Zamawianie jedzenia w restauracji<\/strong><\/li>\n<\/ul>\n\n\n\n<p>Niemcy s\u0142yn\u0105 z wyj\u0105tkowej kultury gastronomicznej, dlatego warto spr\u00f3bowa\u0107 lokalnych specja\u0142\u00f3w. Aby zam\u00f3wi\u0107 swoje ulubione danie, wystarczy powiedzie\u0107&nbsp;<em>Ich h\u00e4tte gerne&#8230;<\/em>&nbsp;(Poprosz\u0119&#8230;). Je\u015bli chcesz pozna\u0107 pe\u0142n\u0105 ofert\u0119, mo\u017cesz zwr\u00f3ci\u0107 si\u0119 do kelnera s\u0142owami&nbsp;<em>K\u00f6nnen Sie mir die Speisekarte geben?<\/em>&nbsp;(Czy mog\u0119 prosi\u0107 kart\u0119 da\u0144?). I nie zapomnij zam\u00f3wi\u0107 fili\u017canki aromatycznej kawy, m\u00f3wi\u0105c&nbsp;<em>Eine Tasse Kaffee, bitte.<\/em>&nbsp;(Poprosz\u0119 fili\u017cank\u0119 kawy).<\/p>\n\n\n\n<h2 class=\"wp-block-heading\" id=\"h-zakupy-i-transport\">Zakupy i transport <\/h2>\n\n\n\n<ul class=\"wp-block-list\">\n<li><strong>Zakupy<\/strong><\/li>\n<\/ul>\n\n\n\n<p>Niemieckie miasta s\u0142yn\u0105 z r\u00f3\u017cnorodnych sklep\u00f3w i butik\u00f3w, gdzie mo\u017cna znale\u017a\u0107 unikalne pami\u0105tki. Aby poradzi\u0107 sobie w trakcie zakup\u00f3w, warto zna\u0107 kilka przydatnych zwrot\u00f3w.&nbsp;<em>Wie viel kostet das?<\/em>&nbsp;(Ile to kosztuje?) to zdanie, kt\u00f3re pomaga zapyta\u0107 o cen\u0119. Je\u015bli poszukujesz konkretnego rozmiaru lub koloru, mo\u017cesz zada\u0107 pytanie&nbsp;<em>Haben Sie das in einer anderen Gr\u00f6\u00dfe\/Farbe?<\/em>&nbsp;(Czy macie to w innym rozmiarze\/kolorze?). W przypadku p\u0142atno\u015bci kart\u0105, zapytaj&nbsp;<em>Kann ich mit Karte bezahlen?<\/em>&nbsp;(Czy mog\u0119 zap\u0142aci\u0107 kart\u0105?).<\/p>\n\n\n\n<figure class=\"wp-block-image aligncenter is-resized\"><a href=\"https:\/\/prestonpublishing.pl\/82-ksiazka-niemiecki\" target=\"_blank\" rel=\"noreferrer noopener\"><img loading=\"lazy\" decoding=\"async\" width=\"1024\" height=\"683\" src=\"https:\/\/prestonpublishing.pl\/blog\/wp-content\/uploads\/2023\/06\/close-view-shopping-bags-near-store-1024x683.jpg\" alt=\"para z torbami na zakupy  Wakacje i komunikacja w j\u0119zyku niemieckim Preston Publishing\" class=\"wp-image-3140\" srcset=\"https:\/\/prestonpublishing.pl\/blog\/wp-content\/uploads\/2023\/06\/close-view-shopping-bags-near-store-1024x683.jpg 1024w, https:\/\/prestonpublishing.pl\/blog\/wp-content\/uploads\/2023\/06\/close-view-shopping-bags-near-store-300x200.jpg 300w, https:\/\/prestonpublishing.pl\/blog\/wp-content\/uploads\/2023\/06\/close-view-shopping-bags-near-store-768x512.jpg 768w, https:\/\/prestonpublishing.pl\/blog\/wp-content\/uploads\/2023\/06\/close-view-shopping-bags-near-store-1536x1024.jpg 1536w, https:\/\/prestonpublishing.pl\/blog\/wp-content\/uploads\/2023\/06\/close-view-shopping-bags-near-store-2048x1365.jpg 2048w\" sizes=\"auto, (max-width: 1024px) 100vw, 1024px\" \/><\/a><\/figure>\n\n\n\n<ul class=\"wp-block-list\">\n<li><strong>Transport<\/strong><\/li>\n<\/ul>\n\n\n\n<p>Podr\u00f3\u017cuj\u0105c po Niemczech, warto zapozna\u0107 si\u0119 z miejscowymi \u015brodkami transportu. Gdy b\u0119dziesz potrzebowa\u0142 informacji o po\u0142\u0105czeniach, zapytaj&nbsp;<em>Wo ist die n\u00e4chste U-Bahn-Station?<\/em>&nbsp;(Gdzie jest najbli\u017csza stacja metra?) lub&nbsp;<em>Wann f\u00e4hrt der n\u00e4chste Zug\/Bus ab?<\/em>&nbsp;(Kiedy odje\u017cd\u017ca nast\u0119pny poci\u0105g\/autobus?). Je\u015bli chcesz kupi\u0107 bilet, popro\u015b o&nbsp;<em>Ein Einzelfahrschein nach&#8230;<\/em>&nbsp;(Bilet jednorazowy do&#8230;) i podaj nazw\u0119 miejsca, do kt\u00f3rego si\u0119 udajesz.<\/p>\n\n\n\n<ul class=\"wp-block-list\">\n<li><strong>Pro\u015bby i podzi\u0119kowania<\/strong><\/li>\n<\/ul>\n\n\n\n<p>Grzeczno\u015b\u0107 jest nieodzownym elementem podczas podr\u00f3\u017cy. Je\u015bli potrzebujesz pomocy, mo\u017cesz zwr\u00f3ci\u0107 si\u0119 do innych s\u0142owami&nbsp;<em>K\u00f6nnen Sie mir helfen?<\/em>&nbsp;(Czy mo\u017cesz mi pom\u00f3c?). Nie zapomnij podzi\u0119kowa\u0107 za otrzyman\u0105 pomoc, m\u00f3wi\u0105c&nbsp;<em>Danke sch\u00f6n!<\/em>&nbsp;(Dzi\u0119kuj\u0119 bardzo!). Je\u015bli przypadkiem zderzysz si\u0119 z kim\u015b, zawsze warto przeprosi\u0107, m\u00f3wi\u0105c&nbsp;<em>Entschuldigung!<\/em>&nbsp;(Przepraszam!).<\/p>\n\n\n\n<h2 class=\"wp-block-heading\" id=\"h-jezyk-niemiecki-w-podrozy-i-nie-tylko-podreczniki-do-nauki-niemieckiego\">J\u0119zyk niemiecki w podr\u00f3\u017cy i nie tylko. Podr\u0119czniki do nauki niemieckiego<\/h2>\n\n\n\n<p>Planujesz sp\u0119dzi\u0107 wakacje w Niemczech lub wybra\u0107 si\u0119 na podr\u00f3\u017c po tym kraju? Zestaw&nbsp;<a href=\"https:\/\/prestonpublishing.pl\/niemiecki\/596-opanuj-niemieckie-slowka-a1-b2-zestaw.html\">Opanuj niemieckie s\u0142\u00f3wka A1-B2<\/a>&nbsp;oraz ksi\u0105\u017cka&nbsp;<a href=\"https:\/\/prestonpublishing.pl\/niemiecki\/110-niemiecki-w-tlumaczeniach-sytuacje.html\">Niemiecki w t\u0142umaczeniach. Sytuacje (A2- B1+)<\/a>&nbsp;b\u0119d\u0105 dla Ciebie nieocenionymi przewodnikami do nauki j\u0119zyka niemieckiego w podr\u00f3\u017cy.<\/p>\n\n\n\n<p><\/p>\n\n\n\n<p>Seria&nbsp;<a href=\"https:\/\/prestonpublishing.pl\/niemiecki\/596-opanuj-niemieckie-slowka-a1-b2-zestaw.html\">Opanuj niemieckie s\u0142\u00f3wka<\/a>&nbsp;oferuje kompleksowy&nbsp;<strong>zestaw niemieckich s\u0142\u00f3w i wyra\u017ce\u0144<\/strong>, kt\u00f3re s\u0105 niezb\u0119dne podczas codziennych sytuacji podr\u00f3\u017cnych. Zaczynaj\u0105c od poziomu A1 i si\u0119gaj\u0105c a\u017c po poziom B2, ta seria prowadzi Ci\u0119 przez r\u00f3\u017cne tematy, od zakup\u00f3w i jedzenia po transport i zwiedzanie. Ka\u017cde zagadnienie jest opisane w spos\u00f3b przejrzysty i zrozumia\u0142y, zawieraj\u0105c&nbsp;przyk\u0142adowe zdania po niemiecku oraz pomocne informacje gramatyczne. Dzi\u0119ki temu zyskujesz nie tylko&nbsp;<strong>nowe niemieckie s\u0142ownictwo<\/strong>, ale tak\u017ce umiej\u0119tno\u015b\u0107 poprawnego stosowania go w praktyce.<\/p>\n\n\n\n<figure class=\"wp-block-image aligncenter is-resized\"><a href=\"https:\/\/prestonpublishing.pl\/niemiecki\/110-niemiecki-w-tlumaczeniach-sytuacje.html\" target=\"_blank\" rel=\"noreferrer noopener\"><img loading=\"lazy\" decoding=\"async\" width=\"1024\" height=\"1024\" src=\"https:\/\/prestonpublishing.pl\/blog\/wp-content\/uploads\/2021\/07\/nr-1-1024x1024.jpg\" alt=\"ksi\u0105\u017cka\u00a0Niemiecki w t\u0142umaczeniach. Sytuacje\u00a0ok\u0142adka ksi\u0105\u017cki i wersja e-book Preston Publishing\" class=\"wp-image-2485\" srcset=\"https:\/\/prestonpublishing.pl\/blog\/wp-content\/uploads\/2021\/07\/nr-1-1024x1024.jpg 1024w, https:\/\/prestonpublishing.pl\/blog\/wp-content\/uploads\/2021\/07\/nr-1-300x300.jpg 300w, https:\/\/prestonpublishing.pl\/blog\/wp-content\/uploads\/2021\/07\/nr-1-150x150.jpg 150w, https:\/\/prestonpublishing.pl\/blog\/wp-content\/uploads\/2021\/07\/nr-1-768x768.jpg 768w, https:\/\/prestonpublishing.pl\/blog\/wp-content\/uploads\/2021\/07\/nr-1.jpg 1440w\" sizes=\"auto, (max-width: 1024px) 100vw, 1024px\" \/><\/a><\/figure>\n\n\n\n<p>Natomiast ksi\u0105\u017cka&nbsp;<a href=\"https:\/\/prestonpublishing.pl\/niemiecki\/110-niemiecki-w-tlumaczeniach-sytuacje.html\">Niemiecki w t\u0142umaczeniach. Sytuacje<\/a>&nbsp;skupia si\u0119 na&nbsp;praktycznych sytuacjach, kt\u00f3re mo\u017cesz napotka\u0107 w trakcie podr\u00f3\u017cy. Od lotniska po restauracj\u0119, od taks\u00f3wki po zakupy, podr\u0119cznik ten zawiera r\u00f3\u017cnorodne dialogi. Pomog\u0105 Ci one w praktycznym \u0107wiczeniu umiej\u0119tno\u015bci komunikacyjnych. Ka\u017cde&nbsp;<strong>zdanie niemieckie jest podane wraz z polskim t\u0142umaczeniem<\/strong>, umo\u017cliwiaj\u0105cym zrozumienie kontekstu i nauk\u0119 nowego s\u0142ownictwa. Dzi\u0119ki temu mo\u017cesz wcieli\u0107 si\u0119 w r\u00f3\u017cne role. Nagrania MP3 do ka\u017cdego rozdzia\u0142u pozwol\u0105&nbsp;<strong>\u0107wiczy\u0107 rozumienie ze s\u0142uchu oraz doskonali\u0107 niemieck\u0105 wymow\u0119.<\/strong><\/p>\n\n\n\n<p>Je\u015bli ju\u017c czujesz si\u0119 pewniej w niemieckiej komunikacji na wakacjach \u2014 od pytania o drog\u0119 po zamawianie kawy \u2014 mamy dla Ciebie kolejny krok: odwied\u017a wpis\u00a0<a href=\"https:\/\/prestonpublishing.pl\/blog\/jezyk-niemiecki\/tschus-bariero-jezykowa-poznaj-podstawowe-zwroty-po-niemiecku\/\">Tsch\u00fcs bariero j\u0119zykowa! Poznaj podstawowe zwroty po niemiecku<\/a>, w kt\u00f3rym znajdziesz niezb\u0119dne formu\u0142y od pierwszego\u00a0<em>Hallo<\/em>\u00a0do pewnego\u00a0<em>Tsch\u00fcs<\/em>.<\/p>\n","protected":false},"excerpt":{"rendered":"<p>Wybierz si\u0119 w podr\u00f3\u017c po drugiej stronie Odry i ucz si\u0119 niemieckiego w praktyce podczas wakacyjnych woja\u017cy! Odkryj kluczowe zwroty i przydatne wyra\u017cenia, kt\u00f3re pomog\u0105 Ci swobodnie komunikowa\u0107 si\u0119 po niemiecku, czerpi\u0105c przy tym rado\u015b\u0107 z odkrywania nowych miejsc.<\/p>\n","protected":false},"author":6,"featured_media":6525,"comment_status":"open","ping_status":"open","sticky":false,"template":"","format":"standard","meta":{"footnotes":""},"categories":[9],"tags":[190,248,276],"class_list":["post-3134","post","type-post","status-publish","format-standard","has-post-thumbnail","hentry","category-jezyk-niemiecki","tag-przydatne-niemieckie-zwroty","tag-nauka-niemieckiego","tag-niemiecki-w-podrozy"],"blocksy_meta":[],"featured_image_urls":{"full":["https:\/\/prestonpublishing.pl\/blog\/wp-content\/uploads\/2023\/06\/wakacje-w-jezyku-niemieckim_Preston_Publishing.jpg",1074,716,false],"thumbnail":["https:\/\/prestonpublishing.pl\/blog\/wp-content\/uploads\/2023\/06\/wakacje-w-jezyku-niemieckim_Preston_Publishing-150x150.jpg",150,150,true],"medium":["https:\/\/prestonpublishing.pl\/blog\/wp-content\/uploads\/2023\/06\/wakacje-w-jezyku-niemieckim_Preston_Publishing-300x200.jpg",300,200,true],"medium_large":["https:\/\/prestonpublishing.pl\/blog\/wp-content\/uploads\/2023\/06\/wakacje-w-jezyku-niemieckim_Preston_Publishing-768x512.jpg",768,512,true],"large":["https:\/\/prestonpublishing.pl\/blog\/wp-content\/uploads\/2023\/06\/wakacje-w-jezyku-niemieckim_Preston_Publishing-1024x683.jpg",1024,683,true],"1536x1536":["https:\/\/prestonpublishing.pl\/blog\/wp-content\/uploads\/2023\/06\/wakacje-w-jezyku-niemieckim_Preston_Publishing.jpg",1074,716,false],"2048x2048":["https:\/\/prestonpublishing.pl\/blog\/wp-content\/uploads\/2023\/06\/wakacje-w-jezyku-niemieckim_Preston_Publishing.jpg",1074,716,false]},"post_excerpt_stackable":"<p>Wybierz si\u0119 w podr\u00f3\u017c po drugiej stronie Odry i ucz si\u0119 niemieckiego w praktyce podczas wakacyjnych woja\u017cy! Odkryj kluczowe zwroty i przydatne wyra\u017cenia, kt\u00f3re pomog\u0105 Ci swobodnie komunikowa\u0107 si\u0119 po niemiecku, czerpi\u0105c przy tym rado\u015b\u0107 z odkrywania nowych miejsc.<\/p>\n","category_list":"<a href=\"https:\/\/prestonpublishing.pl\/blog\/category\/jezyk-niemiecki\/\" rel=\"category tag\">Niemiecki<\/a>","author_info":{"name":"Marianna Umerle","url":"https:\/\/prestonpublishing.pl\/blog\/author\/marianna\/"},"comments_num":"0 comments","yoast_head":"<!-- This site is optimized with the Yoast SEO Premium plugin v23.0 (Yoast SEO v23.0) - https:\/\/yoast.com\/wordpress\/plugins\/seo\/ -->\n<title>Wakacje i komunikacja w j\u0119zyku niemieckim | Blog Preston Publishing<\/title>\n<meta name=\"description\" content=\"Niemiecki nie kojarzy Ci si\u0119 z wakacjami i podr\u00f3\u017cami? Od dzi\u015b to si\u0119 zmieni! Lato to \u015bwietny moment, by odkry\u0107 niemiecki w podr\u00f3\u017cy.\" \/>\n<meta name=\"robots\" content=\"index, follow, max-snippet:-1, max-image-preview:large, max-video-preview:-1\" \/>\n<link rel=\"canonical\" href=\"https:\/\/prestonpublishing.pl\/blog\/jezyk-niemiecki\/podroze-po-drugiej-stronie-odry-wakacje-i-komunikacja-w-jezyku-niemieckim\/\" \/>\n<meta property=\"og:locale\" content=\"pl_PL\" \/>\n<meta property=\"og:type\" content=\"article\" \/>\n<meta property=\"og:title\" content=\"Wakacje i komunikacja w j\u0119zyku niemieckim | Blog Preston Publishing\" \/>\n<meta property=\"og:description\" content=\"Niemiecki nie kojarzy Ci si\u0119 z wakacjami i podr\u00f3\u017cami? Od dzi\u015b to si\u0119 zmieni! Lato to \u015bwietny moment, by odkry\u0107 niemiecki w podr\u00f3\u017cy.\" \/>\n<meta property=\"og:url\" content=\"https:\/\/prestonpublishing.pl\/blog\/jezyk-niemiecki\/podroze-po-drugiej-stronie-odry-wakacje-i-komunikacja-w-jezyku-niemieckim\/\" \/>\n<meta property=\"og:site_name\" content=\"Blog Preston Publishing\" \/>\n<meta property=\"article:publisher\" content=\"https:\/\/www.facebook.com\/prestonpublishing1\" \/>\n<meta property=\"article:published_time\" content=\"2023-06-29T14:12:15+00:00\" \/>\n<meta property=\"article:modified_time\" content=\"2025-08-07T10:37:57+00:00\" \/>\n<meta property=\"og:image\" content=\"https:\/\/prestonpublishing.pl\/blog\/wp-content\/uploads\/2023\/06\/wakacje-w-jezyku-niemieckim_Preston_Publishing.jpg\" \/>\n\t<meta property=\"og:image:width\" content=\"1074\" \/>\n\t<meta property=\"og:image:height\" content=\"716\" \/>\n\t<meta property=\"og:image:type\" content=\"image\/jpeg\" \/>\n<meta name=\"author\" content=\"Marianna Umerle\" \/>\n<meta name=\"twitter:card\" content=\"summary_large_image\" \/>\n<meta name=\"twitter:label1\" content=\"Napisane przez\" \/>\n\t<meta name=\"twitter:data1\" content=\"Marianna Umerle\" \/>\n\t<meta name=\"twitter:label2\" content=\"Szacowany czas czytania\" \/>\n\t<meta name=\"twitter:data2\" content=\"11 minut\" \/>\n<script type=\"application\/ld+json\" class=\"yoast-schema-graph\">{\"@context\":\"https:\/\/schema.org\",\"@graph\":[{\"@type\":\"Article\",\"@id\":\"https:\/\/prestonpublishing.pl\/blog\/jezyk-niemiecki\/podroze-po-drugiej-stronie-odry-wakacje-i-komunikacja-w-jezyku-niemieckim\/#article\",\"isPartOf\":{\"@id\":\"https:\/\/prestonpublishing.pl\/blog\/jezyk-niemiecki\/podroze-po-drugiej-stronie-odry-wakacje-i-komunikacja-w-jezyku-niemieckim\/\"},\"author\":{\"name\":\"Marianna Umerle\",\"@id\":\"https:\/\/prestonpublishing.pl\/blog\/#\/schema\/person\/83addd3232fccac99ddf059c43c0d90f\"},\"headline\":\"Podr\u00f3\u017ce po drugiej stronie Odry. Wakacje i komunikacja w j\u0119zyku niemieckim\",\"datePublished\":\"2023-06-29T14:12:15+00:00\",\"dateModified\":\"2025-08-07T10:37:57+00:00\",\"mainEntityOfPage\":{\"@id\":\"https:\/\/prestonpublishing.pl\/blog\/jezyk-niemiecki\/podroze-po-drugiej-stronie-odry-wakacje-i-komunikacja-w-jezyku-niemieckim\/\"},\"wordCount\":2064,\"commentCount\":0,\"publisher\":{\"@id\":\"https:\/\/prestonpublishing.pl\/blog\/#organization\"},\"image\":{\"@id\":\"https:\/\/prestonpublishing.pl\/blog\/jezyk-niemiecki\/podroze-po-drugiej-stronie-odry-wakacje-i-komunikacja-w-jezyku-niemieckim\/#primaryimage\"},\"thumbnailUrl\":\"https:\/\/prestonpublishing.pl\/blog\/wp-content\/uploads\/2023\/06\/wakacje-w-jezyku-niemieckim_Preston_Publishing.jpg\",\"keywords\":[\"przydatne niemieckie zwroty\",\"nauka niemieckiego\",\"niemiecki w podr\u00f3\u017cy\"],\"articleSection\":[\"Niemiecki\"],\"inLanguage\":\"pl-PL\",\"potentialAction\":[{\"@type\":\"CommentAction\",\"name\":\"Comment\",\"target\":[\"https:\/\/prestonpublishing.pl\/blog\/jezyk-niemiecki\/podroze-po-drugiej-stronie-odry-wakacje-i-komunikacja-w-jezyku-niemieckim\/#respond\"]}]},{\"@type\":\"WebPage\",\"@id\":\"https:\/\/prestonpublishing.pl\/blog\/jezyk-niemiecki\/podroze-po-drugiej-stronie-odry-wakacje-i-komunikacja-w-jezyku-niemieckim\/\",\"url\":\"https:\/\/prestonpublishing.pl\/blog\/jezyk-niemiecki\/podroze-po-drugiej-stronie-odry-wakacje-i-komunikacja-w-jezyku-niemieckim\/\",\"name\":\"Wakacje i komunikacja w j\u0119zyku niemieckim | Blog Preston Publishing\",\"isPartOf\":{\"@id\":\"https:\/\/prestonpublishing.pl\/blog\/#website\"},\"primaryImageOfPage\":{\"@id\":\"https:\/\/prestonpublishing.pl\/blog\/jezyk-niemiecki\/podroze-po-drugiej-stronie-odry-wakacje-i-komunikacja-w-jezyku-niemieckim\/#primaryimage\"},\"image\":{\"@id\":\"https:\/\/prestonpublishing.pl\/blog\/jezyk-niemiecki\/podroze-po-drugiej-stronie-odry-wakacje-i-komunikacja-w-jezyku-niemieckim\/#primaryimage\"},\"thumbnailUrl\":\"https:\/\/prestonpublishing.pl\/blog\/wp-content\/uploads\/2023\/06\/wakacje-w-jezyku-niemieckim_Preston_Publishing.jpg\",\"datePublished\":\"2023-06-29T14:12:15+00:00\",\"dateModified\":\"2025-08-07T10:37:57+00:00\",\"description\":\"Niemiecki nie kojarzy Ci si\u0119 z wakacjami i podr\u00f3\u017cami? Od dzi\u015b to si\u0119 zmieni! Lato to \u015bwietny moment, by odkry\u0107 niemiecki w podr\u00f3\u017cy.\",\"breadcrumb\":{\"@id\":\"https:\/\/prestonpublishing.pl\/blog\/jezyk-niemiecki\/podroze-po-drugiej-stronie-odry-wakacje-i-komunikacja-w-jezyku-niemieckim\/#breadcrumb\"},\"inLanguage\":\"pl-PL\",\"potentialAction\":[{\"@type\":\"ReadAction\",\"target\":[\"https:\/\/prestonpublishing.pl\/blog\/jezyk-niemiecki\/podroze-po-drugiej-stronie-odry-wakacje-i-komunikacja-w-jezyku-niemieckim\/\"]}]},{\"@type\":\"ImageObject\",\"inLanguage\":\"pl-PL\",\"@id\":\"https:\/\/prestonpublishing.pl\/blog\/jezyk-niemiecki\/podroze-po-drugiej-stronie-odry-wakacje-i-komunikacja-w-jezyku-niemieckim\/#primaryimage\",\"url\":\"https:\/\/prestonpublishing.pl\/blog\/wp-content\/uploads\/2023\/06\/wakacje-w-jezyku-niemieckim_Preston_Publishing.jpg\",\"contentUrl\":\"https:\/\/prestonpublishing.pl\/blog\/wp-content\/uploads\/2023\/06\/wakacje-w-jezyku-niemieckim_Preston_Publishing.jpg\",\"width\":1074,\"height\":716,\"caption\":\"u\u015bmiechni\u0119ci klienci w restauracji pij\u0105cy piwo kelner serwuj\u0105cy danie Wakacje i komunikacja w j\u0119zyku niemieckim Preston Publishing\"},{\"@type\":\"BreadcrumbList\",\"@id\":\"https:\/\/prestonpublishing.pl\/blog\/jezyk-niemiecki\/podroze-po-drugiej-stronie-odry-wakacje-i-komunikacja-w-jezyku-niemieckim\/#breadcrumb\",\"itemListElement\":[{\"@type\":\"ListItem\",\"position\":1,\"name\":\"PrestonPublishing Blog\",\"item\":\"https:\/\/prestonpublishing.pl\/blog\/\"},{\"@type\":\"ListItem\",\"position\":2,\"name\":\"Podr\u00f3\u017ce po drugiej stronie Odry. Wakacje i komunikacja w j\u0119zyku niemieckim\"}]},{\"@type\":\"WebSite\",\"@id\":\"https:\/\/prestonpublishing.pl\/blog\/#website\",\"url\":\"https:\/\/prestonpublishing.pl\/blog\/\",\"name\":\"Blog Preston Publishing\",\"description\":\"Artyku\u0142y o nauce j\u0119zyk\u00f3w obcych\",\"publisher\":{\"@id\":\"https:\/\/prestonpublishing.pl\/blog\/#organization\"},\"alternateName\":\"Blog Preston\",\"potentialAction\":[{\"@type\":\"SearchAction\",\"target\":{\"@type\":\"EntryPoint\",\"urlTemplate\":\"https:\/\/prestonpublishing.pl\/blog\/?s={search_term_string}\"},\"query-input\":\"required name=search_term_string\"}],\"inLanguage\":\"pl-PL\"},{\"@type\":\"Organization\",\"@id\":\"https:\/\/prestonpublishing.pl\/blog\/#organization\",\"name\":\"PrestonPublishing Blog\",\"url\":\"https:\/\/prestonpublishing.pl\/blog\/\",\"logo\":{\"@type\":\"ImageObject\",\"inLanguage\":\"pl-PL\",\"@id\":\"https:\/\/prestonpublishing.pl\/blog\/#\/schema\/logo\/image\/\",\"url\":\"https:\/\/prestonpublishing.pl\/blog\/wp-content\/uploads\/2025\/01\/preston-logo-tagline-no-padding.svg\",\"contentUrl\":\"https:\/\/prestonpublishing.pl\/blog\/wp-content\/uploads\/2025\/01\/preston-logo-tagline-no-padding.svg\",\"caption\":\"PrestonPublishing Blog\"},\"image\":{\"@id\":\"https:\/\/prestonpublishing.pl\/blog\/#\/schema\/logo\/image\/\"},\"sameAs\":[\"https:\/\/www.facebook.com\/prestonpublishing1\",\"https:\/\/www.instagram.com\/prestonpublishing\/\",\"https:\/\/www.linkedin.com\/company\/prestonpublishing\"]},{\"@type\":\"Person\",\"@id\":\"https:\/\/prestonpublishing.pl\/blog\/#\/schema\/person\/83addd3232fccac99ddf059c43c0d90f\",\"name\":\"Marianna Umerle\",\"url\":\"https:\/\/prestonpublishing.pl\/blog\/author\/marianna\/\"}]}<\/script>\n<!-- \/ Yoast SEO Premium plugin. -->","yoast_head_json":{"title":"Wakacje i komunikacja w j\u0119zyku niemieckim | Blog Preston Publishing","description":"Niemiecki nie kojarzy Ci si\u0119 z wakacjami i podr\u00f3\u017cami? Od dzi\u015b to si\u0119 zmieni! Lato to \u015bwietny moment, by odkry\u0107 niemiecki w podr\u00f3\u017cy.","robots":{"index":"index","follow":"follow","max-snippet":"max-snippet:-1","max-image-preview":"max-image-preview:large","max-video-preview":"max-video-preview:-1"},"canonical":"https:\/\/prestonpublishing.pl\/blog\/jezyk-niemiecki\/podroze-po-drugiej-stronie-odry-wakacje-i-komunikacja-w-jezyku-niemieckim\/","og_locale":"pl_PL","og_type":"article","og_title":"Wakacje i komunikacja w j\u0119zyku niemieckim | Blog Preston Publishing","og_description":"Niemiecki nie kojarzy Ci si\u0119 z wakacjami i podr\u00f3\u017cami? Od dzi\u015b to si\u0119 zmieni! Lato to \u015bwietny moment, by odkry\u0107 niemiecki w podr\u00f3\u017cy.","og_url":"https:\/\/prestonpublishing.pl\/blog\/jezyk-niemiecki\/podroze-po-drugiej-stronie-odry-wakacje-i-komunikacja-w-jezyku-niemieckim\/","og_site_name":"Blog Preston Publishing","article_publisher":"https:\/\/www.facebook.com\/prestonpublishing1","article_published_time":"2023-06-29T14:12:15+00:00","article_modified_time":"2025-08-07T10:37:57+00:00","og_image":[{"width":1074,"height":716,"url":"https:\/\/prestonpublishing.pl\/blog\/wp-content\/uploads\/2023\/06\/wakacje-w-jezyku-niemieckim_Preston_Publishing.jpg","type":"image\/jpeg"}],"author":"Marianna Umerle","twitter_card":"summary_large_image","twitter_misc":{"Napisane przez":"Marianna Umerle","Szacowany czas czytania":"11 minut"},"schema":{"@context":"https:\/\/schema.org","@graph":[{"@type":"Article","@id":"https:\/\/prestonpublishing.pl\/blog\/jezyk-niemiecki\/podroze-po-drugiej-stronie-odry-wakacje-i-komunikacja-w-jezyku-niemieckim\/#article","isPartOf":{"@id":"https:\/\/prestonpublishing.pl\/blog\/jezyk-niemiecki\/podroze-po-drugiej-stronie-odry-wakacje-i-komunikacja-w-jezyku-niemieckim\/"},"author":{"name":"Marianna Umerle","@id":"https:\/\/prestonpublishing.pl\/blog\/#\/schema\/person\/83addd3232fccac99ddf059c43c0d90f"},"headline":"Podr\u00f3\u017ce po drugiej stronie Odry. Wakacje i komunikacja w j\u0119zyku niemieckim","datePublished":"2023-06-29T14:12:15+00:00","dateModified":"2025-08-07T10:37:57+00:00","mainEntityOfPage":{"@id":"https:\/\/prestonpublishing.pl\/blog\/jezyk-niemiecki\/podroze-po-drugiej-stronie-odry-wakacje-i-komunikacja-w-jezyku-niemieckim\/"},"wordCount":2064,"commentCount":0,"publisher":{"@id":"https:\/\/prestonpublishing.pl\/blog\/#organization"},"image":{"@id":"https:\/\/prestonpublishing.pl\/blog\/jezyk-niemiecki\/podroze-po-drugiej-stronie-odry-wakacje-i-komunikacja-w-jezyku-niemieckim\/#primaryimage"},"thumbnailUrl":"https:\/\/prestonpublishing.pl\/blog\/wp-content\/uploads\/2023\/06\/wakacje-w-jezyku-niemieckim_Preston_Publishing.jpg","keywords":["przydatne niemieckie zwroty","nauka niemieckiego","niemiecki w podr\u00f3\u017cy"],"articleSection":["Niemiecki"],"inLanguage":"pl-PL","potentialAction":[{"@type":"CommentAction","name":"Comment","target":["https:\/\/prestonpublishing.pl\/blog\/jezyk-niemiecki\/podroze-po-drugiej-stronie-odry-wakacje-i-komunikacja-w-jezyku-niemieckim\/#respond"]}]},{"@type":"WebPage","@id":"https:\/\/prestonpublishing.pl\/blog\/jezyk-niemiecki\/podroze-po-drugiej-stronie-odry-wakacje-i-komunikacja-w-jezyku-niemieckim\/","url":"https:\/\/prestonpublishing.pl\/blog\/jezyk-niemiecki\/podroze-po-drugiej-stronie-odry-wakacje-i-komunikacja-w-jezyku-niemieckim\/","name":"Wakacje i komunikacja w j\u0119zyku niemieckim | Blog Preston Publishing","isPartOf":{"@id":"https:\/\/prestonpublishing.pl\/blog\/#website"},"primaryImageOfPage":{"@id":"https:\/\/prestonpublishing.pl\/blog\/jezyk-niemiecki\/podroze-po-drugiej-stronie-odry-wakacje-i-komunikacja-w-jezyku-niemieckim\/#primaryimage"},"image":{"@id":"https:\/\/prestonpublishing.pl\/blog\/jezyk-niemiecki\/podroze-po-drugiej-stronie-odry-wakacje-i-komunikacja-w-jezyku-niemieckim\/#primaryimage"},"thumbnailUrl":"https:\/\/prestonpublishing.pl\/blog\/wp-content\/uploads\/2023\/06\/wakacje-w-jezyku-niemieckim_Preston_Publishing.jpg","datePublished":"2023-06-29T14:12:15+00:00","dateModified":"2025-08-07T10:37:57+00:00","description":"Niemiecki nie kojarzy Ci si\u0119 z wakacjami i podr\u00f3\u017cami? Od dzi\u015b to si\u0119 zmieni! Lato to \u015bwietny moment, by odkry\u0107 niemiecki w podr\u00f3\u017cy.","breadcrumb":{"@id":"https:\/\/prestonpublishing.pl\/blog\/jezyk-niemiecki\/podroze-po-drugiej-stronie-odry-wakacje-i-komunikacja-w-jezyku-niemieckim\/#breadcrumb"},"inLanguage":"pl-PL","potentialAction":[{"@type":"ReadAction","target":["https:\/\/prestonpublishing.pl\/blog\/jezyk-niemiecki\/podroze-po-drugiej-stronie-odry-wakacje-i-komunikacja-w-jezyku-niemieckim\/"]}]},{"@type":"ImageObject","inLanguage":"pl-PL","@id":"https:\/\/prestonpublishing.pl\/blog\/jezyk-niemiecki\/podroze-po-drugiej-stronie-odry-wakacje-i-komunikacja-w-jezyku-niemieckim\/#primaryimage","url":"https:\/\/prestonpublishing.pl\/blog\/wp-content\/uploads\/2023\/06\/wakacje-w-jezyku-niemieckim_Preston_Publishing.jpg","contentUrl":"https:\/\/prestonpublishing.pl\/blog\/wp-content\/uploads\/2023\/06\/wakacje-w-jezyku-niemieckim_Preston_Publishing.jpg","width":1074,"height":716,"caption":"u\u015bmiechni\u0119ci klienci w restauracji pij\u0105cy piwo kelner serwuj\u0105cy danie Wakacje i komunikacja w j\u0119zyku niemieckim Preston Publishing"},{"@type":"BreadcrumbList","@id":"https:\/\/prestonpublishing.pl\/blog\/jezyk-niemiecki\/podroze-po-drugiej-stronie-odry-wakacje-i-komunikacja-w-jezyku-niemieckim\/#breadcrumb","itemListElement":[{"@type":"ListItem","position":1,"name":"PrestonPublishing Blog","item":"https:\/\/prestonpublishing.pl\/blog\/"},{"@type":"ListItem","position":2,"name":"Podr\u00f3\u017ce po drugiej stronie Odry. Wakacje i komunikacja w j\u0119zyku niemieckim"}]},{"@type":"WebSite","@id":"https:\/\/prestonpublishing.pl\/blog\/#website","url":"https:\/\/prestonpublishing.pl\/blog\/","name":"Blog Preston Publishing","description":"Artyku\u0142y o nauce j\u0119zyk\u00f3w obcych","publisher":{"@id":"https:\/\/prestonpublishing.pl\/blog\/#organization"},"alternateName":"Blog Preston","potentialAction":[{"@type":"SearchAction","target":{"@type":"EntryPoint","urlTemplate":"https:\/\/prestonpublishing.pl\/blog\/?s={search_term_string}"},"query-input":"required name=search_term_string"}],"inLanguage":"pl-PL"},{"@type":"Organization","@id":"https:\/\/prestonpublishing.pl\/blog\/#organization","name":"PrestonPublishing Blog","url":"https:\/\/prestonpublishing.pl\/blog\/","logo":{"@type":"ImageObject","inLanguage":"pl-PL","@id":"https:\/\/prestonpublishing.pl\/blog\/#\/schema\/logo\/image\/","url":"https:\/\/prestonpublishing.pl\/blog\/wp-content\/uploads\/2025\/01\/preston-logo-tagline-no-padding.svg","contentUrl":"https:\/\/prestonpublishing.pl\/blog\/wp-content\/uploads\/2025\/01\/preston-logo-tagline-no-padding.svg","caption":"PrestonPublishing Blog"},"image":{"@id":"https:\/\/prestonpublishing.pl\/blog\/#\/schema\/logo\/image\/"},"sameAs":["https:\/\/www.facebook.com\/prestonpublishing1","https:\/\/www.instagram.com\/prestonpublishing\/","https:\/\/www.linkedin.com\/company\/prestonpublishing"]},{"@type":"Person","@id":"https:\/\/prestonpublishing.pl\/blog\/#\/schema\/person\/83addd3232fccac99ddf059c43c0d90f","name":"Marianna Umerle","url":"https:\/\/prestonpublishing.pl\/blog\/author\/marianna\/"}]}},"_links":{"self":[{"href":"https:\/\/prestonpublishing.pl\/blog\/wp-json\/wp\/v2\/posts\/3134","targetHints":{"allow":["GET"]}}],"collection":[{"href":"https:\/\/prestonpublishing.pl\/blog\/wp-json\/wp\/v2\/posts"}],"about":[{"href":"https:\/\/prestonpublishing.pl\/blog\/wp-json\/wp\/v2\/types\/post"}],"author":[{"embeddable":true,"href":"https:\/\/prestonpublishing.pl\/blog\/wp-json\/wp\/v2\/users\/6"}],"replies":[{"embeddable":true,"href":"https:\/\/prestonpublishing.pl\/blog\/wp-json\/wp\/v2\/comments?post=3134"}],"version-history":[{"count":13,"href":"https:\/\/prestonpublishing.pl\/blog\/wp-json\/wp\/v2\/posts\/3134\/revisions"}],"predecessor-version":[{"id":8064,"href":"https:\/\/prestonpublishing.pl\/blog\/wp-json\/wp\/v2\/posts\/3134\/revisions\/8064"}],"wp:featuredmedia":[{"embeddable":true,"href":"https:\/\/prestonpublishing.pl\/blog\/wp-json\/wp\/v2\/media\/6525"}],"wp:attachment":[{"href":"https:\/\/prestonpublishing.pl\/blog\/wp-json\/wp\/v2\/media?parent=3134"}],"wp:term":[{"taxonomy":"category","embeddable":true,"href":"https:\/\/prestonpublishing.pl\/blog\/wp-json\/wp\/v2\/categories?post=3134"},{"taxonomy":"post_tag","embeddable":true,"href":"https:\/\/prestonpublishing.pl\/blog\/wp-json\/wp\/v2\/tags?post=3134"}],"curies":[{"name":"wp","href":"https:\/\/api.w.org\/{rel}","templated":true}]}}