{"id":6999,"date":"2025-04-09T12:56:02","date_gmt":"2025-04-09T10:56:02","guid":{"rendered":"https:\/\/prestonpublishing.pl\/blog\/?p=6999"},"modified":"2025-08-29T09:14:09","modified_gmt":"2025-08-29T07:14:09","slug":"czas-terazniejszy-w-jezyku-hiszpanskim-presente-de-indicativo","status":"publish","type":"post","link":"https:\/\/prestonpublishing.pl\/blog\/jezyk-hiszpanski\/czas-terazniejszy-w-jezyku-hiszpanskim-presente-de-indicativo\/","title":{"rendered":"Czas tera\u017aniejszy w j\u0119zyku hiszpa\u0144skim.\u00a0\u00a0Presente de Indicativo"},"content":{"rendered":"\n<p><strong>Czasy w j\u0119zyku hiszpa\u0144skim<\/strong>&nbsp;s\u0105 niezwykle wa\u017cne dla poprawnej komunikacji i wyra\u017cania my\u015bli w r\u00f3\u017cnych kontekstach. Jednym z najcz\u0119\u015bciej u\u017cywanych, a zarazem najistotniejszych czas\u00f3w jest&nbsp;<strong>czas tera\u017aniejszy<\/strong>&nbsp;zwany po hiszpa\u0144sku&nbsp;<em><strong>Presente de Indicativo<\/strong><\/em>.&nbsp;&nbsp;S\u0142u\u017cy on do opisywania czynno\u015bci odbywaj\u0105cych si\u0119 w\u0142a\u015bnie teraz, powtarzaj\u0105cych si\u0119 rutynowo czy odnosz\u0105cych si\u0119 do fakt\u00f3w og\u00f3lnych.&nbsp;<\/p>\n\n\n\n<p>Poni\u017cej przedstawiamy szczeg\u00f3\u0142owe om\u00f3wienie tego czasu z przyk\u0142adami oraz wskaz\u00f3wkami, kt\u00f3re pomog\u0105 opanowa\u0107 jego zastosowanie w praktyce.&nbsp;<\/p>\n\n\n\n<figure class=\"wp-block-image size-large\"><a href=\"https:\/\/prestonpublishing.pl\/hiszpanski\/205-hiszpanski-w-tlumaczeniach-gramatyka-1-ksiazka-e-book.html\"><img loading=\"lazy\" decoding=\"async\" width=\"1024\" height=\"683\" src=\"https:\/\/prestonpublishing.pl\/blog\/wp-content\/uploads\/2025\/03\/hiszpanski_jezyk_nauka_Preston_Publiahing-1024x683.jpg\" alt=\"lekcja hiszpa\u0144skiego na kt\u00f3rej lektorka wyja\u015bnia przy tablicy czasownik ester a ucze\u0144 s\u0142ucha jej wyk\u0142adu nauka j\u0119zyka hiszpa\u0144skiego Preston Publishing\" class=\"wp-image-7444\" srcset=\"https:\/\/prestonpublishing.pl\/blog\/wp-content\/uploads\/2025\/03\/hiszpanski_jezyk_nauka_Preston_Publiahing-1024x683.jpg 1024w, https:\/\/prestonpublishing.pl\/blog\/wp-content\/uploads\/2025\/03\/hiszpanski_jezyk_nauka_Preston_Publiahing-300x200.jpg 300w, https:\/\/prestonpublishing.pl\/blog\/wp-content\/uploads\/2025\/03\/hiszpanski_jezyk_nauka_Preston_Publiahing-768x512.jpg 768w, https:\/\/prestonpublishing.pl\/blog\/wp-content\/uploads\/2025\/03\/hiszpanski_jezyk_nauka_Preston_Publiahing.jpg 1500w\" sizes=\"auto, (max-width: 1024px) 100vw, 1024px\" \/><\/a><\/figure>\n\n\n\n<h2 class=\"wp-block-heading\" id=\"h-kiedy-stosujemy-nbsp-presente-de-indicativo-nbsp\"><strong>Kiedy stosujemy&nbsp;<\/strong><em><strong>Presente de Indicativo<\/strong><\/em><strong>?<\/strong>&nbsp;<\/h2>\n\n\n\n<p><em>Presente<\/em><em>&nbsp;<\/em>w j\u0119zyku hiszpa\u0144skim, czyli&nbsp;czas tera\u017aniejszy, znajduje zastosowanie w wielu sytuacjach komunikacyjnych. Oto najwa\u017cniejsze z nich, wzbogacone o dodatkowe przyk\u0142ady i niuanse:&nbsp;<\/p>\n\n\n\n<ol class=\"wp-block-list\">\n<li><strong>Opisywanie bie\u017c\u0105cych czynno\u015bci lub zjawisk, rzeczy generalnych, informacji og\u00f3lnych<\/strong>&nbsp;<br><em>Ahora estudio espa\u00f1ol.<\/em>&nbsp;\u2013 Teraz ucz\u0119 si\u0119 hiszpa\u0144skiego.&nbsp;<br><em>Mi padre ense\u00f1a historia.<\/em>&nbsp;\u2013 M\u00f3j tata uczy historii.&nbsp;<br><em>Vivimos en Salamanca.<\/em>&nbsp;\u2013 Mieszkamy w Salamance. &nbsp;<\/li>\n<\/ol>\n\n\n\n<p>W pierwszym zdaniu m\u00f3wimy o czynno\u015bci, kt\u00f3ra teoretycznie ma miejsce w chwili m\u00f3wienia. Mo\u017cna w\u00f3wczas u\u017cy\u0107 r\u00f3wnie\u017c&nbsp;<strong>konstrukcji&nbsp;<\/strong><em><strong>estar + gerundio<\/strong><\/em>, jednak w mowie potocznej i j\u0119zyku codziennym wielu Hiszpan\u00f3w i Latynos\u00f3w u\u017cywa w\u00f3wczas&nbsp;czasu&nbsp;<em>Presente de Indicativo<\/em>. &nbsp;Ponadto, kiedy u\u017cywamy <em>Presente<\/em>, m\u00f3wi\u0105c o czym\u015b, co ma miejsce teraz, chodzi zazwyczaj o d\u0142u\u017cszy okres, a nie o chwil\u0119, w kt\u00f3rej m\u00f3wimy.<\/p>\n\n\n\n<ol start=\"2\" class=\"wp-block-list\">\n<li><strong>M\u00f3wienie o rutynach i nawykach<\/strong>&nbsp;<br><em>Empiezo a trabajar a las nueve.<\/em>&nbsp;\u2013 Zaczynam prac\u0119 o dziewi\u0105tej.&nbsp;<br><em>Cambiamos de coche cada tres a\u00f1os.<\/em>&nbsp;\u2013 Zmieniamy samoch\u00f3d co trzy lata.&nbsp;<br><em>Antes de acostarme, siempre leo algo.&nbsp;<\/em>\u2013 Przed p\u00f3j\u015bciem spa\u0107 zawsze co\u015b czytam.<\/li>\n<\/ol>\n\n\n\n<p>W takich zdaniach&nbsp;<strong>czas tera\u017aniejszy<\/strong>&nbsp;wykazuje podobne zastosowanie jak czas&nbsp;<em><a href=\"https:\/\/prestonpublishing.pl\/blog\/jezyk-angielski\/czasy-w-jezyku-angielskim-present-simple-jak-budowac-zdania\/\">Present Simple<\/a><\/em>&nbsp;w j\u0119zyku angielskim, czyli opisuje czynno\u015bci powtarzalne.&nbsp;<\/p>\n\n\n\n<ol start=\"3\" class=\"wp-block-list\">\n<li><strong>Wyra\u017canie generalnych prawd i fakt\u00f3w<\/strong>&nbsp;<br><em>El sol sale por el este.<\/em>&nbsp;\u2013 S\u0142o\u0144ce wschodzi na wschodzie.&nbsp;<br><em>El agua hierve a 100 grados Celsius.<\/em>&nbsp;\u2013 Woda wrze w temperaturze 100\u00b0C.&nbsp;<br><em>Los \u00e1rboles producen ox\u00edgeno.<\/em>&nbsp;\u2013 Drzewa produkuj\u0105 tlen.&nbsp;<\/li>\n<\/ol>\n\n\n\n<p>Zdania te wyra\u017caj\u0105 powszechnie uznawane fakty przyrodnicze, naukowe czy spo\u0142eczne.&nbsp;<\/p>\n\n\n\n<figure class=\"wp-block-image size-large\"><a href=\"https:\/\/prestonpublishing.pl\/18-hiszpanski\"><img loading=\"lazy\" decoding=\"async\" width=\"1024\" height=\"602\" src=\"https:\/\/prestonpublishing.pl\/blog\/wp-content\/uploads\/2025\/04\/presente-de-indicativo_hiszpanski_Preston_Publishing-2-1024x602.png\" alt=\"na czerwonym tle dwa dymki w jednym hiszpa\u0144ska flaga a w drugim napis praesente do indicativo czas tera\u017aniejszy hiszpa\u0144ski Preston Publishing\" class=\"wp-image-7446\" srcset=\"https:\/\/prestonpublishing.pl\/blog\/wp-content\/uploads\/2025\/04\/presente-de-indicativo_hiszpanski_Preston_Publishing-2-1024x602.png 1024w, https:\/\/prestonpublishing.pl\/blog\/wp-content\/uploads\/2025\/04\/presente-de-indicativo_hiszpanski_Preston_Publishing-2-300x176.png 300w, https:\/\/prestonpublishing.pl\/blog\/wp-content\/uploads\/2025\/04\/presente-de-indicativo_hiszpanski_Preston_Publishing-2-768x452.png 768w, https:\/\/prestonpublishing.pl\/blog\/wp-content\/uploads\/2025\/04\/presente-de-indicativo_hiszpanski_Preston_Publishing-2.png 1313w\" sizes=\"auto, (max-width: 1024px) 100vw, 1024px\" \/><\/a><\/figure>\n\n\n\n<h2 class=\"wp-block-heading\" id=\"h-jakie-inne-zastosowania-ma-presente-de-indicativo\">Jakie inne zastosowania ma <em>Presente de Indicativo<\/em>?<\/h2>\n\n\n\n<ol start=\"4\" class=\"wp-block-list\">\n<li><strong>Wyra\u017canie przysz\u0142o\u015bci w kontek\u015bcie najbli\u017cszych wydarze\u0144<\/strong>&nbsp;<br><em>Te llamo ma\u00f1ana.<\/em>&nbsp;\u2013 Zadzwoni\u0119 do Ciebie jutro.<br><em>Bajo un momento a comprar agua.&nbsp;<\/em>\u2013&nbsp;Zejd\u0119 na chwil\u0119, \u017ceby kupi\u0107 wod\u0119.<br><em>Esta tarde compro los billetes para el concierto.<\/em>&nbsp;\u2013 Dzisiaj po po\u0142udniu kupi\u0119 bilety na koncert.&nbsp;<\/li>\n<\/ol>\n\n\n\n<p>Chocia\u017c formalnym czasem przysz\u0142ym w hiszpa\u0144skim jest&nbsp;<em>Futuro Simple<\/em>&nbsp;(np.&nbsp;<em>comprar\u00e9<\/em>,&nbsp;<em>viajar\u00e9<\/em>), to jednak&nbsp;<em>Presente de Indicativo<\/em>&nbsp;cz\u0119sto u\u017cywa si\u0119 do wyra\u017cania zaplanowanych, pewnych czynno\u015bci w niedalekiej przysz\u0142o\u015bci, zw\u0142aszcza gdy kontekst wskazuje na okre\u015blony termin lub zamiar.&nbsp;<\/p>\n\n\n\n<ol start=\"5\" class=\"wp-block-list\">\n<li><strong>Opisywanie stan\u00f3w emocjonalnych i sytuacji ci\u0105g\u0142ych<\/strong>&nbsp;<br><em>No estoy muy bien. Estoy enfermo.<\/em>&nbsp;\u2013 Nie mam si\u0119 zbyt dobrze.&nbsp;Jestem chory.<br><em>\u00bfPor qu\u00e9 est\u00e1s tan cansado hoy?<\/em>&nbsp;\u2013 Dlaczego jeste\u015b dzisiaj taki zm\u0119czony?&nbsp;<br><em>Me siento feliz cuando escucho m\u00fasica.<\/em>&nbsp;\u2013 Czuj\u0119 si\u0119 szcz\u0119\u015bliwy, kiedy s\u0142ucham muzyki.&nbsp;<\/li>\n<\/ol>\n\n\n\n<p>W tych zdaniach&nbsp;<em>Presente de Indicativo<\/em>&nbsp;pozwala na wyra\u017canie stan\u00f3w i uczu\u0107, kt\u00f3re trwaj\u0105 w danym momencie.&nbsp;<\/p>\n\n\n\n<h2 class=\"wp-block-heading\" id=\"h-odmiana-czasownikow-regularnych-ar-nbsp\"><strong>Odmiana czasownik\u00f3w regularnych -ar<\/strong>&nbsp;<\/h2>\n\n\n\n<p>W&nbsp;<em>Presente de Indicativo<\/em>&nbsp;czasowniki zako\u0144czone na&nbsp;<em>-ar<\/em>&nbsp;(np.&nbsp;<em>hablar<\/em>&nbsp;\u2013 m\u00f3wi\u0107, rozmawia\u0107,&nbsp;<em>estudiar<\/em>&nbsp;\u2013 uczy\u0107 si\u0119,&nbsp;<em>trabajar<\/em>&nbsp;\u2013 pracowa\u0107) otrzymuj\u0105 charakterystyczne ko\u0144c\u00f3wki, wsp\u00f3lne dla ca\u0142ej grupy. Ich zrozumienie i opanowanie u\u0142atwia nauk\u0119 wielu innych czasownik\u00f3w o podobnej budowie.&nbsp;<\/p>\n\n\n\n<figure class=\"wp-block-table\"><table class=\"has-fixed-layout\"><tbody><tr><td><strong>Osoba&nbsp;<\/strong><\/td><td><strong>Ko\u0144c\u00f3wka&nbsp;<\/strong><\/td><td><strong>Przyk\u0142ad:&nbsp;<\/strong><em><strong>hablar<\/strong><\/em><strong>&nbsp;(m\u00f3wi\u0107)&nbsp;<\/strong><\/td><\/tr><tr><td><strong>yo&nbsp;<\/strong><\/td><td>-o&nbsp;<\/td><td><em>hablo<\/em>&nbsp;<\/td><\/tr><tr><td><strong>t\u00fa&nbsp;<\/strong><\/td><td>-as&nbsp;<\/td><td><em>hablas<\/em>&nbsp;<\/td><\/tr><tr><td><strong>\u00e9l\/ella\/usted&nbsp;<\/strong><\/td><td>-a&nbsp;<\/td><td><em>habla<\/em>&nbsp;<\/td><\/tr><tr><td><strong>nosotros\/as&nbsp;<\/strong><\/td><td>-amos&nbsp;<\/td><td><em>hablamos<\/em>&nbsp;<\/td><\/tr><tr><td><strong>vosotros\/as&nbsp;<\/strong><\/td><td>-\u00e1is&nbsp;<\/td><td><em>habl\u00e1is<\/em>&nbsp;<\/td><\/tr><tr><td><strong>ellos\/ellas\/ustedes&nbsp;<\/strong><\/td><td>-an&nbsp;<\/td><td><em>hablan<\/em>&nbsp;<\/td><\/tr><\/tbody><\/table><\/figure>\n\n\n\n<ul class=\"wp-block-list\">\n<li><em>Yo solo hablo ingl\u00e9s, pero mi hermana habla tres idiomas.<\/em>&nbsp;\u2013 Ja m\u00f3wi\u0119 tylko po angielsku, ale moja siostra m\u00f3wi w trzech j\u0119zykach.<\/li>\n\n\n\n<li><em>Trabajo en una escuela.<\/em>&nbsp;\u2013 Pracuj\u0119 w szkole.&nbsp;<\/li>\n<\/ul>\n\n\n\n<figure class=\"wp-block-image size-large\"><a href=\"https:\/\/prestonpublishing.pl\/ksiazka-hiszpanski\/630-hiszpanski-mapy-jezykowe.html\"><img loading=\"lazy\" decoding=\"async\" width=\"1024\" height=\"574\" src=\"https:\/\/prestonpublishing.pl\/blog\/wp-content\/uploads\/2025\/04\/jezyk_hiszpanski_nauka_gramatyki_Preston_Publishing-1024x574.jpg\" alt=\"stos ksi\u0105\u017cek na wierzchu kt\u00f3rego stoi ksi\u0105\u017cka z ok\u0142adka z hiszpa\u0144skiej flagi nauka j\u0119zyka z Preston Publishing\" class=\"wp-image-7447\" srcset=\"https:\/\/prestonpublishing.pl\/blog\/wp-content\/uploads\/2025\/04\/jezyk_hiszpanski_nauka_gramatyki_Preston_Publishing-1024x574.jpg 1024w, https:\/\/prestonpublishing.pl\/blog\/wp-content\/uploads\/2025\/04\/jezyk_hiszpanski_nauka_gramatyki_Preston_Publishing-300x168.jpg 300w, https:\/\/prestonpublishing.pl\/blog\/wp-content\/uploads\/2025\/04\/jezyk_hiszpanski_nauka_gramatyki_Preston_Publishing-768x430.jpg 768w, https:\/\/prestonpublishing.pl\/blog\/wp-content\/uploads\/2025\/04\/jezyk_hiszpanski_nauka_gramatyki_Preston_Publishing.jpg 1165w\" sizes=\"auto, (max-width: 1024px) 100vw, 1024px\" \/><\/a><\/figure>\n\n\n\n<h2 class=\"wp-block-heading\" id=\"h-odmiana-czasownikow-regularnych-er-nbsp\"><strong>Odmiana czasownik\u00f3w regularnych -er<\/strong>&nbsp;<\/h2>\n\n\n\n<p>Kolejn\u0105 grup\u0119 stanowi\u0105 czasowniki zako\u0144czone na&nbsp;<em>-er<\/em>&nbsp;(np.&nbsp;<em>comer<\/em>&nbsp;\u2013 je\u015b\u0107,&nbsp;<em>beber<\/em>&nbsp;\u2013 pi\u0107,&nbsp;<em>aprender<\/em>&nbsp;\u2013 uczy\u0107 si\u0119). Odmieniaj\u0105 si\u0119 one wed\u0142ug poni\u017cszego schematu.&nbsp;<\/p>\n\n\n\n<figure class=\"wp-block-table\"><table class=\"has-fixed-layout\"><tbody><tr><td><strong>Osoba&nbsp;<\/strong><\/td><td><strong>Ko\u0144c\u00f3wka&nbsp;<\/strong><\/td><td><strong>Przyk\u0142ad:&nbsp;<\/strong><em><strong>comer<\/strong><\/em><strong>&nbsp;(je\u015b\u0107)&nbsp;<\/strong><\/td><\/tr><tr><td><strong>yo&nbsp;<\/strong><\/td><td>-o&nbsp;<\/td><td><em>como<\/em>&nbsp;<\/td><\/tr><tr><td><strong>t\u00fa&nbsp;<\/strong><\/td><td>-es&nbsp;<\/td><td><em>comes<\/em>&nbsp;<\/td><\/tr><tr><td><strong>\u00e9l\/ella\/usted&nbsp;<\/strong><\/td><td>-e&nbsp;<\/td><td><em>come<\/em>&nbsp;<\/td><\/tr><tr><td><strong>nosotros\/as&nbsp;<\/strong><\/td><td>-emos&nbsp;<\/td><td><em>comemos<\/em>&nbsp;<\/td><\/tr><tr><td><strong>vosotros\/as&nbsp;<\/strong><\/td><td>-\u00e9is&nbsp;<\/td><td><em>com\u00e9is<\/em>&nbsp;<\/td><\/tr><tr><td><strong>ellos\/ellas\/ustedes&nbsp;<\/strong><\/td><td>-en&nbsp;<\/td><td><em>comen<\/em>&nbsp;<\/td><\/tr><\/tbody><\/table><\/figure>\n\n\n\n<ul class=\"wp-block-list\">\n<li><em>Siempre comemos en este restaurante.&nbsp;<\/em>\u2013 Zawsze jemy obiad w tej restauracji.<\/li>\n\n\n\n<li><em>Yo bebo caf\u00e9 o t\u00e9.&nbsp;<\/em>\u2013 Ja pij\u0119 kaw\u0119 lub herbat\u0119.&nbsp;<\/li>\n<\/ul>\n\n\n\n<h2 class=\"wp-block-heading\" id=\"h-odmiana-czasownikow-regularnych-ir-nbsp\"><strong>Odmiana czasownik\u00f3w regularnych -ir<\/strong>&nbsp;<\/h2>\n\n\n\n<p>Trzeci\u0105 du\u017c\u0105 grup\u0119 stanowi\u0105 czasowniki zako\u0144czone na&nbsp;<em>-ir<\/em>&nbsp;(np.&nbsp;<em>vivir<\/em>&nbsp;\u2013 \u017cy\u0107\/mieszka\u0107,&nbsp;<em>escribir<\/em>&nbsp;\u2013 pisa\u0107,&nbsp;<em>abrir<\/em>&nbsp;\u2013 otwiera\u0107). Charakteryzuj\u0105 je ko\u0144c\u00f3wki:<\/p>\n\n\n\n<figure class=\"wp-block-table\"><table class=\"has-fixed-layout\"><tbody><tr><td><strong>Osoba&nbsp;<\/strong><\/td><td><strong>Ko\u0144c\u00f3wka&nbsp;<\/strong><\/td><td><strong>Przyk\u0142ad:&nbsp;<\/strong><em><strong>vivir<\/strong><\/em><strong>&nbsp;(mieszka\u0107)&nbsp;<\/strong><\/td><\/tr><tr><td><strong>yo&nbsp;<\/strong><\/td><td>-o&nbsp;<\/td><td><em>vivo<\/em>&nbsp;<\/td><\/tr><tr><td><strong>t\u00fa&nbsp;<\/strong><\/td><td>-es&nbsp;<\/td><td><em>vives<\/em>&nbsp;<\/td><\/tr><tr><td><strong>\u00e9l\/ella\/usted&nbsp;<\/strong><\/td><td>-e&nbsp;<\/td><td><em>vive<\/em>&nbsp;<\/td><\/tr><tr><td><strong>nosotros\/as&nbsp;<\/strong><\/td><td>-imos&nbsp;<\/td><td><em>vivimos<\/em>&nbsp;<\/td><\/tr><tr><td><strong>vosotros\/as&nbsp;<\/strong><\/td><td>-\u00eds&nbsp;<\/td><td><em>viv\u00eds<\/em>&nbsp;<\/td><\/tr><tr><td><strong>ellos\/ellas\/ustedes&nbsp;<\/strong><\/td><td>-en&nbsp;<\/td><td><em>viven<\/em>&nbsp;<\/td><\/tr><\/tbody><\/table><\/figure>\n\n\n\n<ul class=\"wp-block-list\">\n<li><em>\u00bfViven en Madrid?<\/em>&nbsp;\u2013 (Czy oni) mieszkaj\u0105 w Madrycie?<\/li>\n\n\n\n<li><em>No escribimos cartas.<\/em>&nbsp;\u2013 Nie piszemy list\u00f3w.&nbsp;<\/li>\n<\/ul>\n\n\n\n<p>W przypadku czasownik\u00f3w&nbsp;<em>-ir<\/em>&nbsp;nale\u017cy zwr\u00f3ci\u0107 uwag\u0119, \u017ce niekt\u00f3re z nich wykazuj\u0105 tzw. zmiany tematyczne (np.&nbsp;<em>pedir<\/em>&nbsp;\u2013 prosi\u0107,&nbsp;<em>servir<\/em>&nbsp;\u2013 s\u0142u\u017cy\u0107). Jednak te wyj\u0105tki to ju\u017c obszar czasownik\u00f3w nieregularnych i wykraczaj\u0105 poza podstawow\u0105 odmian\u0119 zaprezentowan\u0105 w powy\u017cszej tabeli.<\/p>\n\n\n\n<figure class=\"wp-block-image size-large\"><a href=\"https:\/\/prestonpublishing.pl\/ksiazka-hiszpanski\/630-hiszpanski-mapy-jezykowe.html\"><img loading=\"lazy\" decoding=\"async\" width=\"1024\" height=\"768\" src=\"https:\/\/prestonpublishing.pl\/blog\/wp-content\/uploads\/2025\/03\/nauka_hiszpanskiego_czasy_Preston_Publishing-2-2-1024x768.jpg\" alt=\"u\u015bmiechni\u0119ty m\u0119\u017cczyzna z broda trzymaj\u0105cy ksi\u0105\u017cki i laptopa na tle hiszpa\u0144skiej flagi nauka j\u0119zyka hiszpa\u0144skiego Preston Publishing\" class=\"wp-image-7445\" srcset=\"https:\/\/prestonpublishing.pl\/blog\/wp-content\/uploads\/2025\/03\/nauka_hiszpanskiego_czasy_Preston_Publishing-2-2-1024x768.jpg 1024w, https:\/\/prestonpublishing.pl\/blog\/wp-content\/uploads\/2025\/03\/nauka_hiszpanskiego_czasy_Preston_Publishing-2-2-300x225.jpg 300w, https:\/\/prestonpublishing.pl\/blog\/wp-content\/uploads\/2025\/03\/nauka_hiszpanskiego_czasy_Preston_Publishing-2-2-768x576.jpg 768w, https:\/\/prestonpublishing.pl\/blog\/wp-content\/uploads\/2025\/03\/nauka_hiszpanskiego_czasy_Preston_Publishing-2-2-1536x1152.jpg 1536w, https:\/\/prestonpublishing.pl\/blog\/wp-content\/uploads\/2025\/03\/nauka_hiszpanskiego_czasy_Preston_Publishing-2-2-2048x1536.jpg 2048w\" sizes=\"auto, (max-width: 1024px) 100vw, 1024px\" \/><\/a><\/figure>\n\n\n\n<h2 class=\"wp-block-heading\" id=\"h-zastosowanie-czasu-terazniejszego-praktyczne-przyklady-nbsp\"><strong>Zastosowanie czasu tera\u017aniejszego: praktyczne przyk\u0142ady<\/strong>&nbsp;<\/h2>\n\n\n\n<p>W codziennej komunikacji&nbsp;<em>Presente de Indicativo<\/em>&nbsp;jest cz\u0119sto podstawowym narz\u0119dziem do wyra\u017cania zar\u00f3wno czynno\u015bci, jak r\u00f3wnie\u017c stan\u00f3w:&nbsp;<\/p>\n\n\n\n<ul class=\"wp-block-list\">\n<li><strong>Pytania o opini\u0119 lub stan<\/strong>:&nbsp;\n<ul class=\"wp-block-list\">\n<li><em>\u00bfQu\u00e9 piensas de esta pel\u00edcula?<\/em>&nbsp;\u2013 Co my\u015blisz\/s\u0105dzisz o tym filmie?&nbsp;<\/li>\n\n\n\n<li><em>\u00bfC\u00f3mo te sientes hoy?<\/em>&nbsp;\u2013 Jak si\u0119 dzisiaj czujesz?&nbsp;<\/li>\n<\/ul>\n<\/li>\n<\/ul>\n\n\n\n<ul class=\"wp-block-list\">\n<li><strong>Instrukcje i polecenia w trybie nieformalnym<\/strong>&nbsp;(cho\u0107 w j\u0119zyku hiszpa\u0144skim istnieje osobny tryb rozkazuj\u0105cy, to jednak w j\u0119zyku potocznym mo\u017cna si\u0119 spotka\u0107 z u\u017cyciem czasu tera\u017aniejszego):&nbsp;\n<ul class=\"wp-block-list\">\n<li><em>Para llegar a mi casa, coges el metro y bajas en Sol.<\/em>&nbsp;\u2013 Aby dojecha\u0107 do mojego domu, wsiadasz do metra i wysiadasz na Sol.<\/li>\n\n\n\n<li><em>Me compras el pan y vuelves r\u00e1pidamente.<\/em>&nbsp;\u2013 Kupujesz mi chleb i szybko wracasz.&nbsp;<\/li>\n<\/ul>\n<\/li>\n<\/ul>\n\n\n\n<ul class=\"wp-block-list\">\n<li><strong>Komentowanie wydarze\u0144 w trakcie ich trwania<\/strong>:&nbsp;\n<ul class=\"wp-block-list\">\n<li><em>Mira, corre muy r\u00e1pido.<\/em>&nbsp;\u2013 Sp\u00f3jrz, on biegnie bardzo szybko.&nbsp;<\/li>\n\n\n\n<li><em>\u00bfVes lo que hace ahora?<\/em>&nbsp;\u2013 Widzisz, co on teraz robi?&nbsp;<\/li>\n<\/ul>\n<\/li>\n<\/ul>\n\n\n\n<ul class=\"wp-block-list\">\n<li><strong>Wyra\u017canie emocji i stanu psychicznego<\/strong>:&nbsp;\n<ul class=\"wp-block-list\">\n<li><em>Estoy triste porque pierdo mucho tiempo en el tr\u00e1fico.<\/em>&nbsp;\u2013 Jestem smutny, bo trac\u0119 du\u017co czasu w korkach.&nbsp;<\/li>\n\n\n\n<li><em>Te quiero mucho.<\/em>&nbsp;\u2013 Bardzo Ci\u0119 kocham.&nbsp;<\/li>\n<\/ul>\n<\/li>\n<\/ul>\n\n\n\n<ul class=\"wp-block-list\">\n<li><strong>Opowiadanie o ksi\u0105\u017ckach, filmach czy innych dzie\u0142ach w czasie narracyjnym<\/strong>&nbsp;(tzw. presente narrativo):&nbsp;\n<ul class=\"wp-block-list\">\n<li><em>En la novela, el protagonista descubre un secreto importante y decide investigar m\u00e1s.<\/em>&nbsp;\u2013 W powie\u015bci g\u0142\u00f3wny bohater odkrywa wa\u017cny sekret i decyduje si\u0119 na dalsze \u015bledztwo.&nbsp;<\/li>\n<\/ul>\n<\/li>\n<\/ul>\n\n\n\n<figure class=\"wp-block-image size-large\"><a href=\"https:\/\/prestonpublishing.pl\/80-ksiazka-hiszpanski\"><img loading=\"lazy\" decoding=\"async\" width=\"1024\" height=\"683\" src=\"https:\/\/prestonpublishing.pl\/blog\/wp-content\/uploads\/2025\/03\/czasy_hiszpanskie_nauka_Preston_Publishing-1024x683.jpg\" alt=\"na stole notatnik flaga hiszpa\u0144ska i s\u0142uchawki do nauki j\u0119zyka Preston Publishing\" class=\"wp-image-7443\" srcset=\"https:\/\/prestonpublishing.pl\/blog\/wp-content\/uploads\/2025\/03\/czasy_hiszpanskie_nauka_Preston_Publishing-1024x683.jpg 1024w, https:\/\/prestonpublishing.pl\/blog\/wp-content\/uploads\/2025\/03\/czasy_hiszpanskie_nauka_Preston_Publishing-300x200.jpg 300w, https:\/\/prestonpublishing.pl\/blog\/wp-content\/uploads\/2025\/03\/czasy_hiszpanskie_nauka_Preston_Publishing-768x512.jpg 768w, https:\/\/prestonpublishing.pl\/blog\/wp-content\/uploads\/2025\/03\/czasy_hiszpanskie_nauka_Preston_Publishing.jpg 1500w\" sizes=\"auto, (max-width: 1024px) 100vw, 1024px\" \/><\/a><\/figure>\n\n\n\n<h2 class=\"wp-block-heading\" id=\"h-wiecej-porad-jezykowych-szukaj-na-naszym-blogu-nbsp\">Wi\u0119cej porad j\u0119zykowych szukaj na naszym blogu!&nbsp;<\/h2>\n\n\n\n<p>Zastanawiasz si\u0119, ile naprawd\u0119 jest czas\u00f3w w j\u0119zyku hiszpa\u0144skim i czy trzeba zna\u0107 je wszystkie? Ten artyku\u0142: <a href=\"https:\/\/prestonpublishing.pl\/blog\/jezyk-hiszpanski\/ile-jest-czasow-w-jezyku-hiszpanskim\/\">Ile jest czas\u00f3w w j\u0119zyku hiszpa\u0144skim?<\/a> rozwiewa w\u0105tpliwo\u015bci i pokazuje, od kt\u00f3rych czas\u00f3w zacz\u0105\u0107 nauk\u0119, by m\u00f3wi\u0107 skutecznie i bez stresu. Z kolei z tym artyku\u0142em: <a href=\"https:\/\/prestonpublishing.pl\/blog\/jezyk-hiszpanski\/futuro-imperfecto-kompletny-przewodnik-po-czasie-przyszlym-w-jezyku-hiszpanskim\/\">Futuro Imperfecto: Kompletny przewodnik po czasie przysz\u0142ym w j\u0119zyku hiszpa\u0144skim<\/a> opanujesz hiszpa\u0144ski czas przysz\u0142y Futuro Imperfecto! Poznasz jego zastosowanie, odmian\u0119 czasownik\u00f3w regularnych i nieregularnych oraz praktyczne przyk\u0142ady.\u00a0Przekonaj si\u0119, \u017ce gramatyka hiszpa\u0144ska mo\u017ce by\u0107 prostsza, ni\u017c my\u015blisz!<\/p>\n\n\n\n<p>Podsumowuj\u0105c rozwa\u017cania o czasie tera\u017aniejszym, warto wspomnie\u0107, \u017ce je\u015bli chcesz zg\u0142\u0119bi\u0107&nbsp;<strong>czasy w j\u0119zyku hiszpa\u0144skim<\/strong>, pozna\u0107 kolejne elementy gramatyki, a tak\u017ce dowiedzie\u0107 si\u0119 wi\u0119cej o praktycznym wykorzystaniu&nbsp;<strong>czasu tera\u017aniejszego<\/strong>, zapraszamy Ci\u0119 do regularnego \u015bledzenia wpis\u00f3w i wskaz\u00f3wek na <a href=\"https:\/\/prestonpublishing.pl\/blog\/\" target=\"_blank\" rel=\"noreferrer noopener\"><u>blogu Preston Publishing<\/u><\/a>. Znajdziesz tutaj wiele warto\u015bciowych artyku\u0142\u00f3w, kt\u00f3re pomog\u0105 Ci w efektywnej nauce j\u0119zyk\u00f3w obcych, w tym nie tylko hiszpa\u0144skiego, ale tak\u017ce francuskiego, niemieckiego czy angielskiego!&nbsp;<\/p>\n\n\n\n<p>Planujesz wyjazd do Hiszpanii? Ten artyku\u0142 pomo\u017ce Ci opanowa\u0107 kluczowe zwroty i wyra\u017cenia niezb\u0119dne podczas podr\u00f3\u017cy. Dowiesz si\u0119, jak pyta\u0107 o drog\u0119, zamawia\u0107 jedzenie w restauracji czy rezerwowa\u0107 nocleg, co uczyni Twoj\u0105 podr\u00f3\u017c bardziej komfortow\u0105 i pozwoli lepiej pozna\u0107 lokaln\u0105 kultur\u0119. <a href=\"https:\/\/prestonpublishing.pl\/blog\/jezyk-hiszpanski\/jezyk-hiszpanski-w-podrozy-jakie-slowka-i-zwroty-warto-znac\/\">J\u0119zyk hiszpa\u0144ski w podr\u00f3\u017cy. Jakie s\u0142\u00f3wka i zwroty warto zna\u0107?<\/a><\/p>\n\n\n\n<p>Hiszpania to kraj pe\u0142en barwnych festiwali i unikalnych tradycji. Zapoznaj si\u0119 z wydarzeniami takimi jak La Tomatina, Fiesta de San Isidro, Feria de Abril czy Las Fallas. Dowiesz si\u0119, sk\u0105d si\u0119 wzi\u0119\u0142y te \u015bwi\u0119ta i jak s\u0105 obchodzone, co pozwoli Ci lepiej zrozumie\u0107 hiszpa\u0144sk\u0105 kultur\u0119. <a href=\"https:\/\/prestonpublishing.pl\/blog\/jezyk-hiszpanski\/poznaj-hiszpanskie-swieta-regionalne-czesc-pierwsza\/\">Poznaj hiszpa\u0144skie \u015bwi\u0119ta regionalne! Cz\u0119\u015b\u0107 pierwsza<\/a> i <a href=\"https:\/\/prestonpublishing.pl\/blog\/jezyk-hiszpanski\/poznaj-hiszpanskie-swieta-regionalne-czesc-druga\/\">Cz\u0119\u015b\u0107 druga<\/a><\/p>\n\n\n\n<p><\/p>\n","protected":false},"excerpt":{"rendered":"<p>Chcesz swobodnie m\u00f3wi\u0107 po hiszpa\u0144sku? Czas tera\u017aniejszy (Presente de Indicativo) to absolutna podstawa! Dzi\u0119ki niemu opowiesz o swoich codziennych czynno\u015bciach, planach i uczuciach. Poznaj proste wyja\u015bnienia i przydatne przyk\u0142ady, kt\u00f3re u\u0142atwi\u0105 Ci nauk\u0119 i pomog\u0105 unikn\u0105\u0107 najcz\u0119stszych b\u0142\u0119d\u00f3w.<\/p>\n","protected":false},"author":10,"featured_media":7043,"comment_status":"open","ping_status":"open","sticky":false,"template":"","format":"standard","meta":{"footnotes":""},"categories":[6],"tags":[172,219,247,291],"class_list":["post-6999","post","type-post","status-publish","format-standard","has-post-thumbnail","hentry","category-jezyk-hiszpanski","tag-metody-nauki-jezyka","tag-hiszpanski-2","tag-nauka-hiszpanskiego-2","tag-gramatyka-hiszpanska"],"blocksy_meta":{"header_scripts":"<script>\nnewsletterTag=\"slownictwo_hiszpanski\";\nnewsletterTitle=\"Opanuj hiszpa\u0144skie s\u0142ownictwo szybko i skutecznie!<br>Metoda w t\u0142umaczeniach to praktyczny spos\u00f3b na zapami\u0119tywanie s\u0142\u00f3w w kontek\u015bcie.\";\nnewsletterLead=\"Pobierz darmowe materia\u0142y i przekonaj si\u0119, jak naturalnie mo\u017cna uczy\u0107 si\u0119 s\u0142\u00f3wek. Zapisz si\u0119 na newsletter i zr\u00f3b pierwszy krok ju\u017c dzi\u015b!\";\nlpURL=\"https:\/\/prestonpublishing.pl\/blog\/slownictwo_hiszpanski\/\";\n<\/script>","styles_descriptor":{"styles":{"desktop":"","tablet":"","mobile":""},"google_fonts":[],"version":6}},"featured_image_urls":{"full":["https:\/\/prestonpublishing.pl\/blog\/wp-content\/uploads\/2025\/02\/czas-terazniejszy-w-jezyku-hiszpanskim_presente_de_indicativo_Preston_Publishing.jpg",1074,716,false],"thumbnail":["https:\/\/prestonpublishing.pl\/blog\/wp-content\/uploads\/2025\/02\/czas-terazniejszy-w-jezyku-hiszpanskim_presente_de_indicativo_Preston_Publishing-150x150.jpg",150,150,true],"medium":["https:\/\/prestonpublishing.pl\/blog\/wp-content\/uploads\/2025\/02\/czas-terazniejszy-w-jezyku-hiszpanskim_presente_de_indicativo_Preston_Publishing-300x200.jpg",300,200,true],"medium_large":["https:\/\/prestonpublishing.pl\/blog\/wp-content\/uploads\/2025\/02\/czas-terazniejszy-w-jezyku-hiszpanskim_presente_de_indicativo_Preston_Publishing-768x512.jpg",768,512,true],"large":["https:\/\/prestonpublishing.pl\/blog\/wp-content\/uploads\/2025\/02\/czas-terazniejszy-w-jezyku-hiszpanskim_presente_de_indicativo_Preston_Publishing-1024x683.jpg",1024,683,true],"1536x1536":["https:\/\/prestonpublishing.pl\/blog\/wp-content\/uploads\/2025\/02\/czas-terazniejszy-w-jezyku-hiszpanskim_presente_de_indicativo_Preston_Publishing.jpg",1074,716,false],"2048x2048":["https:\/\/prestonpublishing.pl\/blog\/wp-content\/uploads\/2025\/02\/czas-terazniejszy-w-jezyku-hiszpanskim_presente_de_indicativo_Preston_Publishing.jpg",1074,716,false]},"post_excerpt_stackable":"<p>Chcesz swobodnie m\u00f3wi\u0107 po hiszpa\u0144sku? Czas tera\u017aniejszy (Presente de Indicativo) to absolutna podstawa! Dzi\u0119ki niemu opowiesz o swoich codziennych czynno\u015bciach, planach i uczuciach. Poznaj proste wyja\u015bnienia i przydatne przyk\u0142ady, kt\u00f3re u\u0142atwi\u0105 Ci nauk\u0119 i pomog\u0105 unikn\u0105\u0107 najcz\u0119stszych b\u0142\u0119d\u00f3w.<\/p>\n","category_list":"<a href=\"https:\/\/prestonpublishing.pl\/blog\/category\/jezyk-hiszpanski\/\" rel=\"category tag\">Hiszpa\u0144ski<\/a>","author_info":{"name":"Sylwia Borek","url":"https:\/\/prestonpublishing.pl\/blog\/author\/sylwia\/"},"comments_num":"0 comments","yoast_head":"<!-- This site is optimized with the Yoast SEO Premium plugin v23.0 (Yoast SEO v23.0) - https:\/\/yoast.com\/wordpress\/plugins\/seo\/ -->\n<title>Czas tera\u017aniejszy w j\u0119zyku hiszpa\u0144skim.\u00a0\u00a0Presente de Indicativo | Blog Preston Publishing<\/title>\n<meta name=\"description\" content=\"Opanuj czas tera\u017aniejszy (Presente de Indicativo) w hiszpa\u0144skim! Naucz si\u0119 zasad odmiany, poznaj przyk\u0142ady i kluczowe zastosowania.\u00a0\" \/>\n<meta name=\"robots\" content=\"index, follow, max-snippet:-1, max-image-preview:large, max-video-preview:-1\" \/>\n<link rel=\"canonical\" href=\"https:\/\/prestonpublishing.pl\/blog\/jezyk-hiszpanski\/czas-terazniejszy-w-jezyku-hiszpanskim-presente-de-indicativo\/\" \/>\n<meta property=\"og:locale\" content=\"pl_PL\" \/>\n<meta property=\"og:type\" content=\"article\" \/>\n<meta property=\"og:title\" content=\"Czas tera\u017aniejszy w j\u0119zyku hiszpa\u0144skim.\u00a0\u00a0Presente de Indicativo | Blog Preston Publishing\" \/>\n<meta property=\"og:description\" content=\"Opanuj czas tera\u017aniejszy (Presente de Indicativo) w hiszpa\u0144skim! Naucz si\u0119 zasad odmiany, poznaj przyk\u0142ady i kluczowe zastosowania.\u00a0\" \/>\n<meta property=\"og:url\" content=\"https:\/\/prestonpublishing.pl\/blog\/jezyk-hiszpanski\/czas-terazniejszy-w-jezyku-hiszpanskim-presente-de-indicativo\/\" \/>\n<meta property=\"og:site_name\" content=\"Blog Preston Publishing\" \/>\n<meta property=\"article:publisher\" content=\"https:\/\/www.facebook.com\/prestonpublishing1\" \/>\n<meta property=\"article:published_time\" content=\"2025-04-09T10:56:02+00:00\" \/>\n<meta property=\"article:modified_time\" content=\"2025-08-29T07:14:09+00:00\" \/>\n<meta property=\"og:image\" content=\"https:\/\/prestonpublishing.pl\/blog\/wp-content\/uploads\/2025\/02\/czas-terazniejszy-w-jezyku-hiszpanskim_presente_de_indicativo_Preston_Publishing.jpg\" \/>\n\t<meta property=\"og:image:width\" content=\"1074\" \/>\n\t<meta property=\"og:image:height\" content=\"716\" \/>\n\t<meta property=\"og:image:type\" content=\"image\/jpeg\" \/>\n<meta name=\"author\" content=\"Sylwia Borek\" \/>\n<meta name=\"twitter:card\" content=\"summary_large_image\" \/>\n<meta name=\"twitter:label1\" content=\"Napisane przez\" \/>\n\t<meta name=\"twitter:data1\" content=\"Sylwia Borek\" \/>\n<script type=\"application\/ld+json\" class=\"yoast-schema-graph\">{\"@context\":\"https:\/\/schema.org\",\"@graph\":[{\"@type\":\"Article\",\"@id\":\"https:\/\/prestonpublishing.pl\/blog\/jezyk-hiszpanski\/czas-terazniejszy-w-jezyku-hiszpanskim-presente-de-indicativo\/#article\",\"isPartOf\":{\"@id\":\"https:\/\/prestonpublishing.pl\/blog\/jezyk-hiszpanski\/czas-terazniejszy-w-jezyku-hiszpanskim-presente-de-indicativo\/\"},\"author\":{\"name\":\"Sylwia Borek\",\"@id\":\"https:\/\/prestonpublishing.pl\/blog\/#\/schema\/person\/6c7f2dd89a232dc6fc45730f118ae633\"},\"headline\":\"Czas tera\u017aniejszy w j\u0119zyku hiszpa\u0144skim.\u00a0\u00a0Presente de Indicativo\",\"datePublished\":\"2025-04-09T10:56:02+00:00\",\"dateModified\":\"2025-08-29T07:14:09+00:00\",\"mainEntityOfPage\":{\"@id\":\"https:\/\/prestonpublishing.pl\/blog\/jezyk-hiszpanski\/czas-terazniejszy-w-jezyku-hiszpanskim-presente-de-indicativo\/\"},\"wordCount\":1628,\"commentCount\":0,\"publisher\":{\"@id\":\"https:\/\/prestonpublishing.pl\/blog\/#organization\"},\"image\":{\"@id\":\"https:\/\/prestonpublishing.pl\/blog\/jezyk-hiszpanski\/czas-terazniejszy-w-jezyku-hiszpanskim-presente-de-indicativo\/#primaryimage\"},\"thumbnailUrl\":\"https:\/\/prestonpublishing.pl\/blog\/wp-content\/uploads\/2025\/02\/czas-terazniejszy-w-jezyku-hiszpanskim_presente_de_indicativo_Preston_Publishing.jpg\",\"keywords\":[\"metody nauki j\u0119zyka\",\"hiszpanski\",\"nauka hiszpanskiego\",\"gramatyka hiszpa\u0144ska\"],\"articleSection\":[\"Hiszpa\u0144ski\"],\"inLanguage\":\"pl-PL\",\"potentialAction\":[{\"@type\":\"CommentAction\",\"name\":\"Comment\",\"target\":[\"https:\/\/prestonpublishing.pl\/blog\/jezyk-hiszpanski\/czas-terazniejszy-w-jezyku-hiszpanskim-presente-de-indicativo\/#respond\"]}]},{\"@type\":\"WebPage\",\"@id\":\"https:\/\/prestonpublishing.pl\/blog\/jezyk-hiszpanski\/czas-terazniejszy-w-jezyku-hiszpanskim-presente-de-indicativo\/\",\"url\":\"https:\/\/prestonpublishing.pl\/blog\/jezyk-hiszpanski\/czas-terazniejszy-w-jezyku-hiszpanskim-presente-de-indicativo\/\",\"name\":\"Czas tera\u017aniejszy w j\u0119zyku hiszpa\u0144skim.\u00a0\u00a0Presente de Indicativo | Blog Preston Publishing\",\"isPartOf\":{\"@id\":\"https:\/\/prestonpublishing.pl\/blog\/#website\"},\"primaryImageOfPage\":{\"@id\":\"https:\/\/prestonpublishing.pl\/blog\/jezyk-hiszpanski\/czas-terazniejszy-w-jezyku-hiszpanskim-presente-de-indicativo\/#primaryimage\"},\"image\":{\"@id\":\"https:\/\/prestonpublishing.pl\/blog\/jezyk-hiszpanski\/czas-terazniejszy-w-jezyku-hiszpanskim-presente-de-indicativo\/#primaryimage\"},\"thumbnailUrl\":\"https:\/\/prestonpublishing.pl\/blog\/wp-content\/uploads\/2025\/02\/czas-terazniejszy-w-jezyku-hiszpanskim_presente_de_indicativo_Preston_Publishing.jpg\",\"datePublished\":\"2025-04-09T10:56:02+00:00\",\"dateModified\":\"2025-08-29T07:14:09+00:00\",\"description\":\"Opanuj czas tera\u017aniejszy (Presente de Indicativo) w hiszpa\u0144skim! Naucz si\u0119 zasad odmiany, poznaj przyk\u0142ady i kluczowe zastosowania.\u00a0\",\"breadcrumb\":{\"@id\":\"https:\/\/prestonpublishing.pl\/blog\/jezyk-hiszpanski\/czas-terazniejszy-w-jezyku-hiszpanskim-presente-de-indicativo\/#breadcrumb\"},\"inLanguage\":\"pl-PL\",\"potentialAction\":[{\"@type\":\"ReadAction\",\"target\":[\"https:\/\/prestonpublishing.pl\/blog\/jezyk-hiszpanski\/czas-terazniejszy-w-jezyku-hiszpanskim-presente-de-indicativo\/\"]}]},{\"@type\":\"ImageObject\",\"inLanguage\":\"pl-PL\",\"@id\":\"https:\/\/prestonpublishing.pl\/blog\/jezyk-hiszpanski\/czas-terazniejszy-w-jezyku-hiszpanskim-presente-de-indicativo\/#primaryimage\",\"url\":\"https:\/\/prestonpublishing.pl\/blog\/wp-content\/uploads\/2025\/02\/czas-terazniejszy-w-jezyku-hiszpanskim_presente_de_indicativo_Preston_Publishing.jpg\",\"contentUrl\":\"https:\/\/prestonpublishing.pl\/blog\/wp-content\/uploads\/2025\/02\/czas-terazniejszy-w-jezyku-hiszpanskim_presente_de_indicativo_Preston_Publishing.jpg\",\"width\":1074,\"height\":716,\"caption\":\"na tle flagi Hiszpanii le\u017cy ksi\u0105\u017cka w czerwonej ok\u0142adce na kt\u00f3rej ustawiony jest budzik z barwami hiszpa\u0144skimi na tarczy oraz dwie mini flagi Hiszpanii czas tera\u017aniejszy w j\u0119zyku hiszpa\u0144skim praesente de indicativo Preston Publishing\"},{\"@type\":\"BreadcrumbList\",\"@id\":\"https:\/\/prestonpublishing.pl\/blog\/jezyk-hiszpanski\/czas-terazniejszy-w-jezyku-hiszpanskim-presente-de-indicativo\/#breadcrumb\",\"itemListElement\":[{\"@type\":\"ListItem\",\"position\":1,\"name\":\"PrestonPublishing Blog\",\"item\":\"https:\/\/prestonpublishing.pl\/blog\/\"},{\"@type\":\"ListItem\",\"position\":2,\"name\":\"Czas tera\u017aniejszy w j\u0119zyku hiszpa\u0144skim.\u00a0\u00a0Presente de Indicativo\"}]},{\"@type\":\"WebSite\",\"@id\":\"https:\/\/prestonpublishing.pl\/blog\/#website\",\"url\":\"https:\/\/prestonpublishing.pl\/blog\/\",\"name\":\"Blog Preston Publishing\",\"description\":\"Artyku\u0142y o nauce j\u0119zyk\u00f3w obcych\",\"publisher\":{\"@id\":\"https:\/\/prestonpublishing.pl\/blog\/#organization\"},\"alternateName\":\"Blog Preston\",\"potentialAction\":[{\"@type\":\"SearchAction\",\"target\":{\"@type\":\"EntryPoint\",\"urlTemplate\":\"https:\/\/prestonpublishing.pl\/blog\/?s={search_term_string}\"},\"query-input\":\"required name=search_term_string\"}],\"inLanguage\":\"pl-PL\"},{\"@type\":\"Organization\",\"@id\":\"https:\/\/prestonpublishing.pl\/blog\/#organization\",\"name\":\"PrestonPublishing Blog\",\"url\":\"https:\/\/prestonpublishing.pl\/blog\/\",\"logo\":{\"@type\":\"ImageObject\",\"inLanguage\":\"pl-PL\",\"@id\":\"https:\/\/prestonpublishing.pl\/blog\/#\/schema\/logo\/image\/\",\"url\":\"https:\/\/prestonpublishing.pl\/blog\/wp-content\/uploads\/2025\/01\/preston-logo-tagline-no-padding.svg\",\"contentUrl\":\"https:\/\/prestonpublishing.pl\/blog\/wp-content\/uploads\/2025\/01\/preston-logo-tagline-no-padding.svg\",\"caption\":\"PrestonPublishing Blog\"},\"image\":{\"@id\":\"https:\/\/prestonpublishing.pl\/blog\/#\/schema\/logo\/image\/\"},\"sameAs\":[\"https:\/\/www.facebook.com\/prestonpublishing1\",\"https:\/\/www.instagram.com\/prestonpublishing\/\",\"https:\/\/www.linkedin.com\/company\/prestonpublishing\"]},{\"@type\":\"Person\",\"@id\":\"https:\/\/prestonpublishing.pl\/blog\/#\/schema\/person\/6c7f2dd89a232dc6fc45730f118ae633\",\"name\":\"Sylwia Borek\",\"url\":\"https:\/\/prestonpublishing.pl\/blog\/author\/sylwia\/\"}]}<\/script>\n<!-- \/ Yoast SEO Premium plugin. -->","yoast_head_json":{"title":"Czas tera\u017aniejszy w j\u0119zyku hiszpa\u0144skim.\u00a0\u00a0Presente de Indicativo | Blog Preston Publishing","description":"Opanuj czas tera\u017aniejszy (Presente de Indicativo) w hiszpa\u0144skim! Naucz si\u0119 zasad odmiany, poznaj przyk\u0142ady i kluczowe zastosowania.\u00a0","robots":{"index":"index","follow":"follow","max-snippet":"max-snippet:-1","max-image-preview":"max-image-preview:large","max-video-preview":"max-video-preview:-1"},"canonical":"https:\/\/prestonpublishing.pl\/blog\/jezyk-hiszpanski\/czas-terazniejszy-w-jezyku-hiszpanskim-presente-de-indicativo\/","og_locale":"pl_PL","og_type":"article","og_title":"Czas tera\u017aniejszy w j\u0119zyku hiszpa\u0144skim.\u00a0\u00a0Presente de Indicativo | Blog Preston Publishing","og_description":"Opanuj czas tera\u017aniejszy (Presente de Indicativo) w hiszpa\u0144skim! Naucz si\u0119 zasad odmiany, poznaj przyk\u0142ady i kluczowe zastosowania.\u00a0","og_url":"https:\/\/prestonpublishing.pl\/blog\/jezyk-hiszpanski\/czas-terazniejszy-w-jezyku-hiszpanskim-presente-de-indicativo\/","og_site_name":"Blog Preston Publishing","article_publisher":"https:\/\/www.facebook.com\/prestonpublishing1","article_published_time":"2025-04-09T10:56:02+00:00","article_modified_time":"2025-08-29T07:14:09+00:00","og_image":[{"width":1074,"height":716,"url":"https:\/\/prestonpublishing.pl\/blog\/wp-content\/uploads\/2025\/02\/czas-terazniejszy-w-jezyku-hiszpanskim_presente_de_indicativo_Preston_Publishing.jpg","type":"image\/jpeg"}],"author":"Sylwia Borek","twitter_card":"summary_large_image","twitter_misc":{"Napisane przez":"Sylwia Borek"},"schema":{"@context":"https:\/\/schema.org","@graph":[{"@type":"Article","@id":"https:\/\/prestonpublishing.pl\/blog\/jezyk-hiszpanski\/czas-terazniejszy-w-jezyku-hiszpanskim-presente-de-indicativo\/#article","isPartOf":{"@id":"https:\/\/prestonpublishing.pl\/blog\/jezyk-hiszpanski\/czas-terazniejszy-w-jezyku-hiszpanskim-presente-de-indicativo\/"},"author":{"name":"Sylwia Borek","@id":"https:\/\/prestonpublishing.pl\/blog\/#\/schema\/person\/6c7f2dd89a232dc6fc45730f118ae633"},"headline":"Czas tera\u017aniejszy w j\u0119zyku hiszpa\u0144skim.\u00a0\u00a0Presente de Indicativo","datePublished":"2025-04-09T10:56:02+00:00","dateModified":"2025-08-29T07:14:09+00:00","mainEntityOfPage":{"@id":"https:\/\/prestonpublishing.pl\/blog\/jezyk-hiszpanski\/czas-terazniejszy-w-jezyku-hiszpanskim-presente-de-indicativo\/"},"wordCount":1628,"commentCount":0,"publisher":{"@id":"https:\/\/prestonpublishing.pl\/blog\/#organization"},"image":{"@id":"https:\/\/prestonpublishing.pl\/blog\/jezyk-hiszpanski\/czas-terazniejszy-w-jezyku-hiszpanskim-presente-de-indicativo\/#primaryimage"},"thumbnailUrl":"https:\/\/prestonpublishing.pl\/blog\/wp-content\/uploads\/2025\/02\/czas-terazniejszy-w-jezyku-hiszpanskim_presente_de_indicativo_Preston_Publishing.jpg","keywords":["metody nauki j\u0119zyka","hiszpanski","nauka hiszpanskiego","gramatyka hiszpa\u0144ska"],"articleSection":["Hiszpa\u0144ski"],"inLanguage":"pl-PL","potentialAction":[{"@type":"CommentAction","name":"Comment","target":["https:\/\/prestonpublishing.pl\/blog\/jezyk-hiszpanski\/czas-terazniejszy-w-jezyku-hiszpanskim-presente-de-indicativo\/#respond"]}]},{"@type":"WebPage","@id":"https:\/\/prestonpublishing.pl\/blog\/jezyk-hiszpanski\/czas-terazniejszy-w-jezyku-hiszpanskim-presente-de-indicativo\/","url":"https:\/\/prestonpublishing.pl\/blog\/jezyk-hiszpanski\/czas-terazniejszy-w-jezyku-hiszpanskim-presente-de-indicativo\/","name":"Czas tera\u017aniejszy w j\u0119zyku hiszpa\u0144skim.\u00a0\u00a0Presente de Indicativo | Blog Preston Publishing","isPartOf":{"@id":"https:\/\/prestonpublishing.pl\/blog\/#website"},"primaryImageOfPage":{"@id":"https:\/\/prestonpublishing.pl\/blog\/jezyk-hiszpanski\/czas-terazniejszy-w-jezyku-hiszpanskim-presente-de-indicativo\/#primaryimage"},"image":{"@id":"https:\/\/prestonpublishing.pl\/blog\/jezyk-hiszpanski\/czas-terazniejszy-w-jezyku-hiszpanskim-presente-de-indicativo\/#primaryimage"},"thumbnailUrl":"https:\/\/prestonpublishing.pl\/blog\/wp-content\/uploads\/2025\/02\/czas-terazniejszy-w-jezyku-hiszpanskim_presente_de_indicativo_Preston_Publishing.jpg","datePublished":"2025-04-09T10:56:02+00:00","dateModified":"2025-08-29T07:14:09+00:00","description":"Opanuj czas tera\u017aniejszy (Presente de Indicativo) w hiszpa\u0144skim! Naucz si\u0119 zasad odmiany, poznaj przyk\u0142ady i kluczowe zastosowania.\u00a0","breadcrumb":{"@id":"https:\/\/prestonpublishing.pl\/blog\/jezyk-hiszpanski\/czas-terazniejszy-w-jezyku-hiszpanskim-presente-de-indicativo\/#breadcrumb"},"inLanguage":"pl-PL","potentialAction":[{"@type":"ReadAction","target":["https:\/\/prestonpublishing.pl\/blog\/jezyk-hiszpanski\/czas-terazniejszy-w-jezyku-hiszpanskim-presente-de-indicativo\/"]}]},{"@type":"ImageObject","inLanguage":"pl-PL","@id":"https:\/\/prestonpublishing.pl\/blog\/jezyk-hiszpanski\/czas-terazniejszy-w-jezyku-hiszpanskim-presente-de-indicativo\/#primaryimage","url":"https:\/\/prestonpublishing.pl\/blog\/wp-content\/uploads\/2025\/02\/czas-terazniejszy-w-jezyku-hiszpanskim_presente_de_indicativo_Preston_Publishing.jpg","contentUrl":"https:\/\/prestonpublishing.pl\/blog\/wp-content\/uploads\/2025\/02\/czas-terazniejszy-w-jezyku-hiszpanskim_presente_de_indicativo_Preston_Publishing.jpg","width":1074,"height":716,"caption":"na tle flagi Hiszpanii le\u017cy ksi\u0105\u017cka w czerwonej ok\u0142adce na kt\u00f3rej ustawiony jest budzik z barwami hiszpa\u0144skimi na tarczy oraz dwie mini flagi Hiszpanii czas tera\u017aniejszy w j\u0119zyku hiszpa\u0144skim praesente de indicativo Preston Publishing"},{"@type":"BreadcrumbList","@id":"https:\/\/prestonpublishing.pl\/blog\/jezyk-hiszpanski\/czas-terazniejszy-w-jezyku-hiszpanskim-presente-de-indicativo\/#breadcrumb","itemListElement":[{"@type":"ListItem","position":1,"name":"PrestonPublishing Blog","item":"https:\/\/prestonpublishing.pl\/blog\/"},{"@type":"ListItem","position":2,"name":"Czas tera\u017aniejszy w j\u0119zyku hiszpa\u0144skim.\u00a0\u00a0Presente de Indicativo"}]},{"@type":"WebSite","@id":"https:\/\/prestonpublishing.pl\/blog\/#website","url":"https:\/\/prestonpublishing.pl\/blog\/","name":"Blog Preston Publishing","description":"Artyku\u0142y o nauce j\u0119zyk\u00f3w obcych","publisher":{"@id":"https:\/\/prestonpublishing.pl\/blog\/#organization"},"alternateName":"Blog Preston","potentialAction":[{"@type":"SearchAction","target":{"@type":"EntryPoint","urlTemplate":"https:\/\/prestonpublishing.pl\/blog\/?s={search_term_string}"},"query-input":"required name=search_term_string"}],"inLanguage":"pl-PL"},{"@type":"Organization","@id":"https:\/\/prestonpublishing.pl\/blog\/#organization","name":"PrestonPublishing Blog","url":"https:\/\/prestonpublishing.pl\/blog\/","logo":{"@type":"ImageObject","inLanguage":"pl-PL","@id":"https:\/\/prestonpublishing.pl\/blog\/#\/schema\/logo\/image\/","url":"https:\/\/prestonpublishing.pl\/blog\/wp-content\/uploads\/2025\/01\/preston-logo-tagline-no-padding.svg","contentUrl":"https:\/\/prestonpublishing.pl\/blog\/wp-content\/uploads\/2025\/01\/preston-logo-tagline-no-padding.svg","caption":"PrestonPublishing Blog"},"image":{"@id":"https:\/\/prestonpublishing.pl\/blog\/#\/schema\/logo\/image\/"},"sameAs":["https:\/\/www.facebook.com\/prestonpublishing1","https:\/\/www.instagram.com\/prestonpublishing\/","https:\/\/www.linkedin.com\/company\/prestonpublishing"]},{"@type":"Person","@id":"https:\/\/prestonpublishing.pl\/blog\/#\/schema\/person\/6c7f2dd89a232dc6fc45730f118ae633","name":"Sylwia Borek","url":"https:\/\/prestonpublishing.pl\/blog\/author\/sylwia\/"}]}},"_links":{"self":[{"href":"https:\/\/prestonpublishing.pl\/blog\/wp-json\/wp\/v2\/posts\/6999","targetHints":{"allow":["GET"]}}],"collection":[{"href":"https:\/\/prestonpublishing.pl\/blog\/wp-json\/wp\/v2\/posts"}],"about":[{"href":"https:\/\/prestonpublishing.pl\/blog\/wp-json\/wp\/v2\/types\/post"}],"author":[{"embeddable":true,"href":"https:\/\/prestonpublishing.pl\/blog\/wp-json\/wp\/v2\/users\/10"}],"replies":[{"embeddable":true,"href":"https:\/\/prestonpublishing.pl\/blog\/wp-json\/wp\/v2\/comments?post=6999"}],"version-history":[{"count":11,"href":"https:\/\/prestonpublishing.pl\/blog\/wp-json\/wp\/v2\/posts\/6999\/revisions"}],"predecessor-version":[{"id":8191,"href":"https:\/\/prestonpublishing.pl\/blog\/wp-json\/wp\/v2\/posts\/6999\/revisions\/8191"}],"wp:featuredmedia":[{"embeddable":true,"href":"https:\/\/prestonpublishing.pl\/blog\/wp-json\/wp\/v2\/media\/7043"}],"wp:attachment":[{"href":"https:\/\/prestonpublishing.pl\/blog\/wp-json\/wp\/v2\/media?parent=6999"}],"wp:term":[{"taxonomy":"category","embeddable":true,"href":"https:\/\/prestonpublishing.pl\/blog\/wp-json\/wp\/v2\/categories?post=6999"},{"taxonomy":"post_tag","embeddable":true,"href":"https:\/\/prestonpublishing.pl\/blog\/wp-json\/wp\/v2\/tags?post=6999"}],"curies":[{"name":"wp","href":"https:\/\/api.w.org\/{rel}","templated":true}]}}