{"id":7495,"date":"2025-04-25T12:43:00","date_gmt":"2025-04-25T10:43:00","guid":{"rendered":"https:\/\/prestonpublishing.pl\/blog\/?p=7495"},"modified":"2026-04-07T11:42:07","modified_gmt":"2026-04-07T09:42:07","slug":"giorni-e-mesi-dni-tygodnia-i-miesiace-po-wlosku-w-pigulce","status":"publish","type":"post","link":"https:\/\/prestonpublishing.pl\/blog\/jezyk-wloski\/giorni-e-mesi-dni-tygodnia-i-miesiace-po-wlosku-w-pigulce\/","title":{"rendered":"Giorni e mesi: dni tygodnia i miesi\u0105ce po w\u0142osku w pigu\u0142ce"},"content":{"rendered":"\n<h2 class=\"wp-block-heading\" id=\"h-dlaczego-warto-znac-dni-tygodnia-miesiace-i-pory-roku-po-wlosku\">Dlaczego warto zna\u0107 dni tygodnia, miesi\u0105ce i pory roku po w\u0142osku?<\/h2>\n\n\n\n<p>Rozpoczynasz nauk\u0119 j\u0119zyka w\u0142oskiego? Je\u015bli tak, to na pewno szybko przekonasz si\u0119, jak cz\u0119sto przydadz\u0105 Ci si\u0119 takie s\u0142owa jak&nbsp;<em>luned\u00ec<\/em>&nbsp;czy&nbsp;<em>ottobre<\/em>.&nbsp;<em>Dni tygodnia,<\/em>&nbsp;<em>miesi\u0105ce i pory roku po w\u0142osku<\/em>&nbsp;\u2013 znajomo\u015b\u0107 tych w\u0142oskich s\u0142\u00f3wek pozwali Ci precyzyjniej okre\u015bli\u0107 czas i lepiej zrozumie\u0107 rozm\u00f3wc\u0119. Niezale\u017cnie od tego, czy umawiasz si\u0119 na spotkanie, opowiadasz o wakacjach czy planujesz lekcje \u2013 okre\u015blanie czasu po w\u0142osku to podstawa!&nbsp;<\/p>\n\n\n\n<figure class=\"wp-block-image size-large\"><a href=\"https:\/\/prestonpublishing.pl\/wloski\/120-wloski-w-tlumaczeniach-gramatyka-1-4-komplet-168.html\"><img loading=\"lazy\" decoding=\"async\" width=\"1024\" height=\"683\" src=\"https:\/\/prestonpublishing.pl\/blog\/wp-content\/uploads\/2025\/04\/dni_tygodnia_po_wlosku_nauka_jezyka_Preston_Publishing-1024x683.jpg\" alt=\"mapa W\u0142och w zbli\u017ceniu na Rzym a na niej ma\u0142a w\u0142oska flaga nauka j\u0119zyka w\u0142oskiego Preston Publishing\" class=\"wp-image-7500\" srcset=\"https:\/\/prestonpublishing.pl\/blog\/wp-content\/uploads\/2025\/04\/dni_tygodnia_po_wlosku_nauka_jezyka_Preston_Publishing-1024x683.jpg 1024w, https:\/\/prestonpublishing.pl\/blog\/wp-content\/uploads\/2025\/04\/dni_tygodnia_po_wlosku_nauka_jezyka_Preston_Publishing-300x200.jpg 300w, https:\/\/prestonpublishing.pl\/blog\/wp-content\/uploads\/2025\/04\/dni_tygodnia_po_wlosku_nauka_jezyka_Preston_Publishing-768x512.jpg 768w, https:\/\/prestonpublishing.pl\/blog\/wp-content\/uploads\/2025\/04\/dni_tygodnia_po_wlosku_nauka_jezyka_Preston_Publishing.jpg 1500w\" sizes=\"auto, (max-width: 1024px) 100vw, 1024px\" \/><\/a><\/figure>\n\n\n\n<h2 class=\"wp-block-heading\" id=\"h-dni-tygodnia-po-wlosku-zasady-i-przyklady\">Dni tygodnia po w\u0142osku \u2013 zasady i przyk\u0142ady<\/h2>\n\n\n\n<p>Skoro ju\u017c wiesz, jak wa\u017cne s\u0105 wyra\u017cenia zwi\u0105zane z czasem, zaczniemy od podstaw \u2013&nbsp;<em>dni tygodnia po w\u0142osku<\/em><em>.<\/em>&nbsp;Oto gotowa lista wraz z u\u017cyciem w zdaniach:<\/p>\n\n\n\n<p>Dni tygodnia (<em>i giorni della settimana<\/em>) to po w\u0142osku:<br><em>luned\u00ec<\/em>&nbsp;\u2013 poniedzia\u0142ek<br><em>marted\u00ec<\/em>&nbsp;\u2013 wtorek<br><em>mercoled\u00ec<\/em>&nbsp;\u2013 \u015broda<br><em>gioved\u00ec<\/em>&nbsp;\u2013 czwartek<br><em>venerd\u00ec<\/em>&nbsp;\u2013 pi\u0105tek<br><em>sabato<\/em>&nbsp;\u2013 sobota<br><em>domenica<\/em>&nbsp;\u2013 niedziela<\/p>\n\n\n\n<p>Nazwy dni od poniedzia\u0142ku do pi\u0105tku maj\u0105 akcent na ostatniej sylabie. Pami\u0119taj, by zaznacza\u0107 go r\u00f3wnie\u017c w pi\u015bmie zamiast kropki nad&nbsp;<em>\u00ec<\/em>.<\/p>\n\n\n\n<p>M\u00f3wi\u0105c o tym, \u017ce dane wydarzenie b\u0119dzie mia\u0142o miejsce okre\u015blonego dnia, nie u\u017cywamy przyimka, np.:<br><em>Vado a sciare sabato<\/em>&nbsp;\u2013 Jad\u0119 na narty w sobot\u0119.<\/p>\n\n\n\n<p>Dni od poniedzia\u0142ku do soboty maj\u0105 rodzaj m\u0119ski i wyst\u0119puj\u0105 z rodzajnikiem okre\u015blonym&nbsp;<em>il<\/em>. Niedziela jest natomiast rodzaju \u017ce\u0144skiego \u2013 przyjmuje rodzajnik okre\u015blony&nbsp;<em>la<\/em>.<\/p>\n\n\n\n<p>Je\u015bli chcemy powiedzie\u0107, \u017ce dana czynno\u015b\u0107 powtarza si\u0119 w okre\u015blony dzie\u0144 tygodnia, np. w ka\u017cd\u0105 \u015brod\u0119, przed nazw\u0105 tego dnia wstawiamy rodzajnik okre\u015blony.<\/p>\n\n\n\n<figure class=\"wp-block-image size-large\"><a href=\"https:\/\/prestonpublishing.pl\/wloski\/120-wloski-w-tlumaczeniach-gramatyka-1-4-komplet-168.html\"><img loading=\"lazy\" decoding=\"async\" width=\"1024\" height=\"679\" src=\"https:\/\/prestonpublishing.pl\/blog\/wp-content\/uploads\/2025\/04\/jezyk_wloski_Preston-Publishing-1024x679.jpg\" alt=\"puzzle z w\u0142oskiej flagi wida\u0107 r\u0119k\u0119 kt\u00f3ra uk\u0142ada ostatni brakuj\u0105cy element nauka j\u0119zyka w\u0142oskiego Preston Publishing\" class=\"wp-image-7501\" srcset=\"https:\/\/prestonpublishing.pl\/blog\/wp-content\/uploads\/2025\/04\/jezyk_wloski_Preston-Publishing-1024x679.jpg 1024w, https:\/\/prestonpublishing.pl\/blog\/wp-content\/uploads\/2025\/04\/jezyk_wloski_Preston-Publishing-300x199.jpg 300w, https:\/\/prestonpublishing.pl\/blog\/wp-content\/uploads\/2025\/04\/jezyk_wloski_Preston-Publishing-768x509.jpg 768w, https:\/\/prestonpublishing.pl\/blog\/wp-content\/uploads\/2025\/04\/jezyk_wloski_Preston-Publishing.jpg 1500w\" sizes=\"auto, (max-width: 1024px) 100vw, 1024px\" \/><\/a><\/figure>\n\n\n\n<p><br>Z kolei brak rodzajnika okre\u015blonego oznacza, \u017ce chodzi o najbli\u017cszy wymieniony dzie\u0144 tygodnia. Por\u00f3wnaj:<\/p>\n\n\n\n<p><em>Mercoled\u00ec gioco a calcio.<\/em>&nbsp;\u2013 W \u015brod\u0119 gram w pi\u0142k\u0119. (W t\u0119 \u015brod\u0119)<br><em>Il mercoled\u00ec gioco a calcio.<\/em>&nbsp;\u2013 W \u015brody gram w pi\u0142k\u0119. (W ka\u017cd\u0105 \u015brod\u0119)<\/p>\n\n\n\n<p><strong>Przyk\u0142ady u\u017cycia:<\/strong><br><em>Oggi \u00e8 luned\u00ec o marted\u00ec?<\/em>&nbsp;\u2013 Dzi\u015b jest poniedzia\u0142ek czy wtorek?<br><em>Gioved\u00ec non ci sono le lezioni.<\/em>&nbsp;\u2013 W czwartek nie ma zaj\u0119\u0107.<br><em>Il marted\u00ec vado in piscina e il venerd\u00ec, in palestra.<\/em>&nbsp;\u2013 We wtorki chodz\u0119 na basen, a w pi\u0105tki na si\u0142owni\u0119.<\/p>\n\n\n\n<h2 class=\"wp-block-heading\" id=\"h-miesiace-po-wlosku-jak-ich-poprawnie-uzywac\">Miesi\u0105ce po w\u0142osku \u2013 jak ich poprawnie u\u017cywa\u0107?<\/h2>\n\n\n\n<p>Po opanowaniu dni tygodnia po w\u0142osku, czas na&nbsp;nauk\u0119 nazw&nbsp;miesi\u0119cy. Ich znajomo\u015b\u0107 oraz poprawne u\u017cycie przyimk\u00f3w to kolejny krok w nauce j\u0119zyka. Pami\u0119taj, \u017ce s\u0105 nieodmienne i zawsze piszemy je ma\u0142\u0105 liter\u0105.<\/p>\n\n\n\n<p>Nazwy miesi\u0119cy to po w\u0142osku:<br><em>gennaio<\/em>&nbsp;\u2013 stycze\u0144<br><em>febbraio<\/em>&nbsp;\u2013 luty<br><em>marzo<\/em>&nbsp;\u2013 marzec<br><em>aprile<\/em>&nbsp;\u2013 kwiecie\u0144<br><em>maggio<\/em>&nbsp;\u2013 maj<br><em>giugno<\/em>&nbsp;\u2013 czerwiec<br><em>luglio<\/em>&nbsp;\u2013 lipiec<br><em>agosto<\/em>&nbsp;\u2013 sierpie\u0144<br><em>settembre<\/em>&nbsp;\u2013 wrzesie\u0144<br><em>ottobre<\/em>&nbsp;\u2013 pa\u017adziernik<br><em>novembre<\/em>&nbsp;\u2013 listopad<br><em>dicembre<\/em>&nbsp;\u2013 grudzie\u0144<\/p>\n\n\n\n<p>Z nazwami miesi\u0119cy u\u017cywamy przyimka&nbsp;<em>a<\/em>&nbsp;lub&nbsp;<em>in<\/em>, np.:<br><em>Non lavora a luglio<\/em>&nbsp;\u2013 Nie pracuje w lipcu.<br><em>Arrivo in agosto<\/em>&nbsp;\u2013 Przyje\u017cd\u017cam w sierpniu.<\/p>\n\n\n\n\t<form id=\"edrone-69f23aef65019\" style=\"padding: 24px; border: 1px solid #e1e8ed; background-color: rgba(225,232,237,0.1);\">\n\t\t<div style=\"display:flex; align-items:center; gap:16px;\">\n            \t\t\t\n\t\t\t<div style=\"flex:1;\">\n\t\t\t\t<h5 style=\"margin-bottom:8px\">\n\t\t\t\t\tZapisz si\u0119 do naszego newslettera!\t\t\t\t<\/h5>\n\t\t\t\t<p>\n\t\t\t\t\tPoznaj skuteczne metody nauki j\u0119zyk\u00f3w.<br \/>\nPobierz bezp\u0142atny e-book i odbierz 10% rabatu do sklepu.\t\t\t\t<\/p>\n\t\t\t\t<div style=\"display:flex; align-items:center; gap:16px;\">\n\t\t\t\t\t<input name=\"email\" type=\"email\" value=\"\" placeholder=\"np. twoj@email.pl\" required style=\"flex: 1; background: #fff; border: 1px solid #e1e8ed\">\n\n\t\t\t\t\t<button type=\"submit\" style=\"white-space: preserve nowrap;\">Zapisz si\u0119!<\/button>\n\t\t\t\t<\/div>\n\t\t\t<\/div>\n\t\t\t\n\t\t\t\t\t<\/div>\n\t<\/form>\n\n\t<script>\n\t\twindow._edrone = window._edrone || {};\n\n\t\tdocument.querySelector('#edrone-69f23aef65019').addEventListener('submit', (e) => {\n\t\t\tconsole.log(document.querySelector('#edrone-69f23aef65019').querySelector('input[type=\"email\"]').value);\n\t\t\te.preventDefault();\n\t\t\t_edrone.customer_tags = 'blog';\n\t\t\t_edrone.email = document.querySelector('#edrone-69f23aef65019').querySelector('input[type=\"email\"]').value;\n\t\t\t_edrone.action_type = 'subscribe';\n\t\t\t_edrone.init();\n\n\t\t\tsetTimeout(() => {\n\t\t\twindow.location.href = 'https:\/\/prestonpublishing.pl\/blog\/zapis_na_newsletter\/';\n\t\t\t  }, 2000);\n\t\t})\n\t<\/script>\n\t\n\n\n\n<p><strong>Przyk\u0142ady u\u017cycia:<\/strong><br><em>A novembre sono sempre triste.<\/em>&nbsp;\u2013 W listopadzie jestem zawsze smutny.<br><em>In agosto andiamo al mare.<\/em>&nbsp;\u2013 W sierpniu jedziemy nad morze.<br><em>A settembre comincia la scuola.<\/em>&nbsp;\u2013 We wrze\u015bniu zaczyna si\u0119 szko\u0142a.<\/p>\n\n\n\n<p>Aby poda\u0107 konkretny dzie\u0144, u\u017cywamy liczebnik\u00f3w g\u0142\u00f3wnych z rodzajnikiem&nbsp;<em>il<\/em>&nbsp;lub&nbsp;<em>l\u2019<\/em>:<br><em>Festeggio il mio compleanno il 14 agosto.<\/em>&nbsp;\u2013 \u015awi\u0119tuj\u0119 urodziny 14 sierpnia.<br><em>Partiamo per le vacanze l\u20198 luglio.<\/em>&nbsp;\u2013 Wyje\u017cd\u017camy na wakacje 8 lipca.<\/p>\n\n\n\n<p>Wyj\u0105tkiem jest pierwszy dzie\u0144 miesi\u0105ca \u2013 u\u017cywamy wtedy&nbsp;<em>primo<\/em>:<br><em>Ci vediamo il 1\u00b0 (primo) settembre a scuola!<\/em>&nbsp;\u2013 Widzimy si\u0119 pierwszego wrze\u015bnia w szkole!<br><em>Il Primo Maggio \u00e8 la Festa dei lavoratori.<\/em>&nbsp;\u2013 Pierwszy maja to \u015awi\u0119to Pracy.<\/p>\n\n\n\n<figure class=\"wp-block-image size-large\"><a href=\"https:\/\/prestonpublishing.pl\/wloski\/120-wloski-w-tlumaczeniach-gramatyka-1-4-komplet-168.html\"><img loading=\"lazy\" decoding=\"async\" width=\"1024\" height=\"683\" src=\"https:\/\/prestonpublishing.pl\/blog\/wp-content\/uploads\/2025\/04\/nauka_jezykow_Preston_Publishing_wloski-1024x683.jpg\" alt=\"dziewczyna wygl\u0105daj\u0105c\u0105 przez okno trzymaj\u0105ca w\u0142oska flag\u0119 nauka j\u0119zyka Preston Publishing\" class=\"wp-image-7504\" srcset=\"https:\/\/prestonpublishing.pl\/blog\/wp-content\/uploads\/2025\/04\/nauka_jezykow_Preston_Publishing_wloski-1024x683.jpg 1024w, https:\/\/prestonpublishing.pl\/blog\/wp-content\/uploads\/2025\/04\/nauka_jezykow_Preston_Publishing_wloski-300x200.jpg 300w, https:\/\/prestonpublishing.pl\/blog\/wp-content\/uploads\/2025\/04\/nauka_jezykow_Preston_Publishing_wloski-768x512.jpg 768w, https:\/\/prestonpublishing.pl\/blog\/wp-content\/uploads\/2025\/04\/nauka_jezykow_Preston_Publishing_wloski.jpg 1500w\" sizes=\"auto, (max-width: 1024px) 100vw, 1024px\" \/><\/a><\/figure>\n\n\n\n<h2 class=\"wp-block-heading\" id=\"h-pory-roku-po-wlosku-in-primavera-czy-di-inverno\">Pory roku po w\u0142osku \u2013 in primavera czy di inverno?<\/h2>\n\n\n\n<p>Teraz czas na kolejny element kalendarza \u2013 pory roku. Poznaj je i opisuj pogod\u0119 oraz czy planuj aktywno\u015bci w j\u0119zyku w\u0142oskim.<\/p>\n\n\n\n<p>W\u0142oskie nazwy p\u00f3r roku to:<br><em>la primavera<\/em>&nbsp;\u2013 wiosna<br><em>l\u2019estate<\/em>&nbsp;\u2013 lato<br><em>l\u2019autunno<\/em>&nbsp;\u2013 jesie\u0144<br><em>l\u2019inverno<\/em>&nbsp;\u2013 zima<\/p>\n\n\n\n<p>Z tymi nazwami u\u017cywamy przyimka&nbsp;<em>in<\/em>, a z&nbsp;<em>estate<\/em>&nbsp;i&nbsp;<em>inverno<\/em>&nbsp;tak\u017ce&nbsp;<em>di<\/em>:<\/p>\n\n\n\n<p><em>Andiamo a Palermo in primavera.<\/em>&nbsp;\u2013 Jedziemy do Palermo na wiosn\u0119.<br><em>Parto per l\u2019Italia in autunno.<\/em>&nbsp;\u2013 Wyje\u017cd\u017cam do W\u0142och jesieni\u0105.<br><em>In estate vado sempre al mare.<\/em>&nbsp;\u2013 W lecie zawsze je\u017cd\u017c\u0119 nad morze.<br><em>D\u2019estate mangiate molta frutta fresca.<\/em>&nbsp;\u2013 Latem jecie du\u017co \u015bwie\u017cych owoc\u00f3w.<br><em>In inverno andiamo in montagna.<\/em>&nbsp;\u2013 Zim\u0105 jedziemy w g\u00f3ry.<br><em>D\u2019inverno leggo molti libri.<\/em>&nbsp;\u2013 Zim\u0105 czytam du\u017co ksi\u0105\u017cek.<br><em>D\u2019inverno vado in macchina, ma d\u2019estate uso la bicicletta.<\/em>&nbsp;\u2013 Zim\u0105 je\u017cd\u017c\u0119 samochodem, ale latem korzystam z roweru.<br><em>L\u2019estate \u00e8 la mia stagione preferita.<\/em>&nbsp;\u2013 Lato to moja ulubiona pora roku.<br><em>In primavera tutto sembra bello.<\/em>&nbsp;\u2013 Wiosn\u0105 wszystko wydaje si\u0119 pi\u0119kne.<\/p>\n\n\n\n<h2 class=\"wp-block-heading\" id=\"h-jak-szybko-opanowac-dni-tygodnia-miesiace-i-pory-roku-praktyczne-wskazowki\">Jak szybko opanowa\u0107 dni tygodnia, miesi\u0105ce i pory roku? Praktyczne wskaz\u00f3wki<\/h2>\n\n\n\n<p>Skoro znasz ju\u017c&nbsp;<em>dni tygodnia i miesi\u0105ce po w\u0142osku<\/em>, warto teraz przej\u015b\u0107 do tego, jak utrwali\u0107 je w praktyce. Sama znajomo\u015b\u0107 s\u0142\u00f3wek to dopiero pocz\u0105tek \u2013 najwa\u017cniejsze jest, by te wyra\u017cenia zacz\u0119\u0142y pojawia\u0107 si\u0119 w Twojej codziennej komunikacji. Na szcz\u0119\u015bcie istnieje kilka prostych i skutecznych sposob\u00f3w, dzi\u0119ki kt\u00f3rym nauka w\u0142oskiego s\u0142ownictwa wejdzie Ci w nawyk.<\/p>\n\n\n\n<p>Zacznij od prowadzenia dziennika po w\u0142osku \u2013 zapisuj daty i kr\u00f3tkie zdania typu:&nbsp;<em>Oggi \u00e8 venerd\u00ec&nbsp;<\/em>albo&nbsp;<em>In dicembre fa freddo<\/em>. Mo\u017cesz te\u017c wpisywa\u0107 notatki do kalendarza, zapisuj\u0105c plan dnia po w\u0142osku, np.&nbsp;<em>gioved\u00ec \u2013 dentysta, sabato \u2013 pizza!<\/em>. W kalendarzu zaznacz dni po w\u0142osku \u2013&nbsp;<em>marted\u00ec, venerd\u00ec&nbsp;<\/em>itd. Mo\u017cesz te\u017c stworzy\u0107 w\u0142asn\u0105 tablic\u0119 j\u0119zykow\u0105 z planem tygodnia i porami roku \u2013 wizualizacja u\u0142atwia zapami\u0119tywanie. Te codzienne nawyki naprawd\u0119 dzia\u0142aj\u0105!&nbsp;<\/p>\n\n\n\n<p>U\u017cywaj te\u017c kolorowych fiszek, na kt\u00f3rych z jednej strony b\u0119dzie w\u0142oska nazwa dnia, miesi\u0105ca czy pory roku, a z drugiej \u2013 polskie t\u0142umaczenie i przyk\u0142adowe zdanie. \u015awietnie sprawdz\u0105 si\u0119 do tego&nbsp;<strong>Preston-it-notes&nbsp;<\/strong>\u2013 eleganckie i praktyczne notesy elektrostatyczne, kt\u00f3re mo\u017cesz mie\u0107 zawsze przy sobie. Pomagaj\u0105 w nauce s\u0142ownictwa tematycznego, w tym r\u00f3wnie\u017c dni tygodnia i miesi\u0119cy, a ich format idealnie nadaje si\u0119 do szybkich powt\u00f3rek i nauki \u201ew biegu\u201d.<\/p>\n\n\n\n<p>Warto r\u00f3wnie\u017c s\u0142ucha\u0107 w\u0142oskich podcast\u00f3w, piosenek czy ogl\u0105da\u0107 seriale po w\u0142osku \u2013 otaczanie si\u0119 takimi materia\u0142ami pomo\u017ce Ci przyswoi\u0107 s\u0142\u00f3wka w spos\u00f3b naturalny.&nbsp;<\/p>\n\n\n\n<h2 class=\"wp-block-heading\" id=\"h-skuteczna-nauka-metoda-w-tlumaczeniach-z-preston-publishing-nbsp\">Skuteczna nauka metod\u0105 w t\u0142umaczeniach z Preston Publishing&nbsp;<\/h2>\n\n\n\n<p>Znasz ju\u017c&nbsp;dni tygodnia,&nbsp;miesi\u0105ce i pory roku po w\u0142osku. Jak jednak trwale zapami\u0119ta\u0107 te w\u0142oskie s\u0142owa? Odpowied\u017a to metoda t\u0142umaczenia zda\u0144 \u2013 unikalne podej\u015bcie, kt\u00f3re od lat stosuje Preston Publishing w swojej flagowej serii&nbsp;<em><a href=\"https:\/\/prestonpublishing.pl\/wloski\/120-wloski-w-tlumaczeniach-gramatyka-1-4-komplet-168.html\">W\u0142oski w t\u0142umaczeniach. Gramatyka<\/a><\/em>.<\/p>\n\n\n\n<p>Na czym to polega? Uczysz si\u0119 j\u0119zyka poprzez t\u0142umaczenie zda\u0144 z j\u0119zyka polskiego na w\u0142oski \u2013 i odwrotnie. Ka\u017cda strona to para zda\u0144: jedno po polsku, drugie po w\u0142osku. Twoim zadaniem jest samodzielne stworzenie t\u0142umaczenia, kt\u00f3re potem mo\u017cesz sprawdzi\u0107 z odpowiedzi\u0105. Dzi\u0119ki temu nie uczysz si\u0119 \u201ena sucho\u201d pojedynczych s\u0142\u00f3wek, ale od razu wiesz, jak ich u\u017cywa\u0107 w konkretnych kontekstach.<\/p>\n\n\n\n<p>Dodatkowo:<\/p>\n\n\n\n<ul class=\"wp-block-list\">\n<li>wszystkie zagadnienia s\u0105 u\u0142o\u017cone wed\u0142ug poziomu trudno\u015bci \u2013 od A1 do C1,<\/li>\n\n\n\n<li>uczysz si\u0119 nie tylko gramatyki, ale te\u017c \u017cywego, przydatnego s\u0142ownictwa,<\/li>\n\n\n\n<li>do ksi\u0105\u017cki do\u0142\u0105czone s\u0105 nagrania MP3, kt\u00f3re wspieraj\u0105 nauk\u0119 wymowy i rozumienia ze s\u0142uchu.<\/li>\n<\/ul>\n\n\n\n<p>To nauka oparta na aktywnym dzia\u0142aniu \u2013 zamiast biernie czyta\u0107, \u0107wiczysz, my\u015blisz i utrwalasz. A co najlepsze: widzisz efekty bardzo szybko, bo zdania, kt\u00f3re t\u0142umaczysz, dotycz\u0105 codziennych sytuacji. W\u0142a\u015bnie dlatego metoda t\u0142umacze\u0144 jest tak skuteczna \u2013 bo uczy m\u00f3wi\u0107, rozumie\u0107 i reagowa\u0107 po w\u0142osku od pierwszego rozdzia\u0142u.<\/p>\n\n\n\n<figure class=\"wp-block-image size-full\"><a href=\"https:\/\/prestonpublishing.pl\/wloski\/120-wloski-w-tlumaczeniach-gramatyka-1-4-komplet-168.html\"><img loading=\"lazy\" decoding=\"async\" width=\"1002\" height=\"884\" src=\"https:\/\/prestonpublishing.pl\/blog\/wp-content\/uploads\/2024\/09\/wloski-w-tlumaczeniach-gramatyka-1-4_Preston_Publishing-crop.png\" alt=\"ok\u0142adki serii ksi\u0105\u017cek do nauki j\u0119zyka w\u0142oskiego od wydawnictwa Preston Publishing w\u0142oski w t\u0142umaczeniach gramatyka cz\u0119\u015bci od 1 do 4\" class=\"wp-image-6324\" srcset=\"https:\/\/prestonpublishing.pl\/blog\/wp-content\/uploads\/2024\/09\/wloski-w-tlumaczeniach-gramatyka-1-4_Preston_Publishing-crop.png 1002w, https:\/\/prestonpublishing.pl\/blog\/wp-content\/uploads\/2024\/09\/wloski-w-tlumaczeniach-gramatyka-1-4_Preston_Publishing-crop-300x265.png 300w, https:\/\/prestonpublishing.pl\/blog\/wp-content\/uploads\/2024\/09\/wloski-w-tlumaczeniach-gramatyka-1-4_Preston_Publishing-crop-768x678.png 768w\" sizes=\"auto, (max-width: 1002px) 100vw, 1002px\" \/><\/a><\/figure>\n\n\n\n<p>W ramach serii ukaza\u0142a si\u0119 r\u00f3wnie\u017c ksi\u0105\u017cka&nbsp;<em><a href=\"https:\/\/prestonpublishing.pl\/wloski\/575-wloski-w-tlumaczeniach-slownictwo-1.html\">W\u0142oski w t\u0142umaczeniach. S\u0142ownictwo 1<\/a><\/em>, gdzie znajdziesz rozdzia\u0142y uporz\u0105dkowane wed\u0142ug temat\u00f3w takich jak kolory czy zwierz\u0119ta. Ka\u017cdy temat zawiera pakiet s\u0142\u00f3wek, kt\u00f3rych u\u017cyjesz podczas t\u0142umaczenia zda\u0144. Pozycj\u0119 uzupe\u0142niaj\u0105 \u0107wiczenia podsumowuj\u0105ce oraz kurs audio MP3 do pobrania. Kod z instrukcj\u0105 umie\u015bcili\u015bmy w \u015brodku ksi\u0105\u017cki.<\/p>\n\n\n\n<h2 class=\"wp-block-heading\" id=\"h-wloski-trening-a1-nauka-od-podstaw-z-usmiechem\">W\u0142oski. Trening A1 \u2013 nauka od podstaw z u\u015bmiechem<\/h2>\n\n\n\n<p>Je\u015bli dopiero zaczynasz przygod\u0119 z j\u0119zykiem w\u0142oskim i chcesz nauczy\u0107 si\u0119&nbsp;podstawowych struktur gramatycznych w spos\u00f3b przyjemny i skuteczny \u2013 ksi\u0105\u017cka&nbsp;<em><a href=\"https:\/\/prestonpublishing.pl\/ksiazka-wloski\/703-wloski-trening-a1.html\">W\u0142oski. Trening A1<\/a><\/em>&nbsp;b\u0119dzie dla Ciebie idealnym wyborem.<\/p>\n\n\n\n<p>To co\u015b wi\u0119cej ni\u017c podr\u0119cznik \u2013 to po\u0142\u0105czenie praktycznego repetytorium z rozrywk\u0105 umys\u0142ow\u0105. Znajdziesz w nim klarownie wyt\u0142umaczon\u0105 teori\u0119, ciekawe \u0107wiczenia, testy sprawdzaj\u0105ce wiedz\u0119, a nawet\u2026 krzy\u017c\u00f3wki j\u0119zykowe! Ksi\u0105\u017cka prowadzi Ci\u0119 krok po kroku przez podstawy j\u0119zyka w\u0142oskiego i pomo\u017ce Ci zrozumie\u0107 m.in. jak u\u017cywa\u0107 czasownika&nbsp;<em>essere<\/em>, jak m\u00f3wi\u0107 o sobie, sk\u0105d pochodzisz i jak si\u0119 czujesz.<\/p>\n\n\n\n<figure class=\"wp-block-image size-large\"><a href=\"https:\/\/prestonpublishing.pl\/ksiazka-wloski\/703-wloski-trening-a1.html\"><img loading=\"lazy\" decoding=\"async\" width=\"1024\" height=\"1024\" src=\"https:\/\/prestonpublishing.pl\/blog\/wp-content\/uploads\/2024\/11\/tempImageQ37Lhf-1024x1024.jpg\" alt=\"w\u0142oski trening gramatyczny Preston Publishing\" class=\"wp-image-6653\" srcset=\"https:\/\/prestonpublishing.pl\/blog\/wp-content\/uploads\/2024\/11\/tempImageQ37Lhf-1024x1024.jpg 1024w, https:\/\/prestonpublishing.pl\/blog\/wp-content\/uploads\/2024\/11\/tempImageQ37Lhf-300x300.jpg 300w, https:\/\/prestonpublishing.pl\/blog\/wp-content\/uploads\/2024\/11\/tempImageQ37Lhf-150x150.jpg 150w, https:\/\/prestonpublishing.pl\/blog\/wp-content\/uploads\/2024\/11\/tempImageQ37Lhf-768x768.jpg 768w, https:\/\/prestonpublishing.pl\/blog\/wp-content\/uploads\/2024\/11\/tempImageQ37Lhf.jpg 1440w\" sizes=\"auto, (max-width: 1024px) 100vw, 1024px\" \/><\/a><\/figure>\n\n\n\n<p>Co wa\u017cne \u2013&nbsp;<em><a href=\"https:\/\/prestonpublishing.pl\/ksiazka-wloski\/703-wloski-trening-a1.html\">W\u0142oski. Trening A1<\/a><\/em>&nbsp;zosta\u0142 stworzony jako idealne uzupe\u0142nienie ksi\u0105\u017cki&nbsp;<em><a href=\"https:\/\/prestonpublishing.pl\/wloski\/80-wloski-w-tlumaczeniach-gramatyka-1.html\">W\u0142oski w t\u0142umaczeniach. Gramatyka 1<\/a><\/em>. Dzi\u0119ki temu obie te pozycje wsp\u00f3\u0142graj\u0105 ze sob\u0105 tematycznie, i&nbsp;utrwalaj\u0105 te same zagadnienia na dwa r\u00f3\u017cne sposoby.<\/p>\n\n\n\n<p>To doskona\u0142y wyb\u00f3r dla os\u00f3b, kt\u00f3re chc\u0105 od razu m\u00f3wi\u0107 po w\u0142osku i rozumie\u0107 zagadnienia gramatyczne \u2013 a wszystko to w przyst\u0119pnej, estetycznej formie, kt\u00f3ra naprawd\u0119 zach\u0119ca do nauki!<\/p>\n\n\n\n<h2 class=\"wp-block-heading\" id=\"h-podsumowanie\">Podsumowanie <\/h2>\n\n\n\n<p>Znajomo\u015b\u0107 nazw dni tygodnia&nbsp;i&nbsp;miesi\u0119cy po w\u0142osku<em>&nbsp;<\/em>to absolutna podstawa codziennej komunikacji w tym j\u0119zyku. Dzi\u0119ki nim zaplanujesz spotkanie, opowiesz o wakacjach czy zrozumiesz w\u0142oskie wiadomo\u015bci.&nbsp;<\/p>\n\n\n\n<p>Na zako\u0144czenie polecamy wpisy z bloga Preston Publishing, kt\u00f3re pomog\u0105 Ci pog\u0142\u0119bi\u0107 znajomo\u015b\u0107 j\u0119zyka w\u0142oskiego. <a href=\"https:\/\/prestonpublishing.pl\/blog\/jezyk-wloski\/uno-due-tre-liczby-po-wlosku\/\"><strong>Uno, due, tre \u2013 liczby po w\u0142osku<\/strong><\/a><strong>&nbsp;\u2013&nbsp;<\/strong>wprowadzi Ci\u0119 w \u015bwiat w\u0142oskich liczebnik\u00f3w, co jest niezb\u0119dne przy podawaniu dat i godzin. <strong><a href=\"https:\/\/prestonpublishing.pl\/blog\/jezyk-wloski\/nauka-wloskiego-od-podstaw-czasownik-byc-z-ksiazka-wloski-trening-a1\/\">Nauka w\u0142oskiego od podstaw: czasownik by\u0107 z ksi\u0105\u017ck\u0105 W\u0142oski trening A1<\/a><\/strong> &#8211; pozwoli Ci lepiej wyra\u017ca\u0107 plany i obowi\u0105zki zwi\u0105zane z konkretnymi dniami czy miesi\u0105cami.<\/p>\n\n\n\n<p>Je\u015bli chcesz nada\u0107 swoim w\u0142oskim wypowiedziom wi\u0119cej barw i wyrazu, koniecznie zajrzyj do artyku\u0142u: <a href=\"https:\/\/prestonpublishing.pl\/blog\/jezyk-wloski\/rosso-blu-verde-czyli-wloskie-kolory-krok-po-kroku\/\">Rosso, blu, verde\u2026 czyli w\u0142oskie kolory krok po kroku<\/a>.\u00a0Dowiesz si\u0119 z niego, jak poprawnie u\u017cywa\u0107 nazw kolor\u00f3w w r\u00f3\u017cnych kontekstach, jak je odmienia\u0107 oraz poznasz r\u00f3\u017cnice mi\u0119dzy odcieniami takimi jak\u00a0<em>blu<\/em>,\u00a0<em>azzurro<\/em>\u00a0czy\u00a0<em>celeste<\/em>.\u00a0To praktyczny przewodnik, kt\u00f3ry pozwoli Ci wzbogaci\u0107 s\u0142ownictwo i swobodnie opisywa\u0107 otaczaj\u0105cy \u015bwiat po w\u0142osku.<\/p>\n\n\n\n<p>A co z godzin\u0105? W naszym praktycznym przewodniku&nbsp;<a href=\"https:\/\/prestonpublishing.pl\/blog\/jezyk-wloski\/che-ora-e-jak-pytac-o-godzine-po-wlosku-praktyczny-przewodnik\/\">Che ora \u00e8? Jak pyta\u0107 o godzin\u0119 po w\u0142osku?<\/a>znajdziesz jasne instrukcje i \u017cyciowe przyk\u0142ady, kt\u00f3re przydadz\u0105 si\u0119 podczas podr\u00f3\u017cy, zakup\u00f3w czy spotkania z przyjaci\u00f3\u0142mi. Zajrzyj i przekonaj si\u0119, \u017ce m\u00f3wienie po w\u0142osku o godzinie to ca\u0142kiem przyjemna i prosta sprawa!<\/p>\n\n\n\n<p>Warto te\u017c p\u00f3j\u015b\u0107 o krok dalej i zacz\u0105\u0107 budowa\u0107 swoje s\u0142ownictwo w praktyce. J\u0119zyk najlepiej \u201ewchodzi\u201d, gdy \u0142\u0105czysz r\u00f3\u017cne tematy i widzisz je w codziennych sytuacjach. Je\u015bli blisko Ci do kuchni i rozm\u00f3w przy stole sprawd\u017a: <strong><a href=\"https:\/\/prestonpublishing.pl\/blog\/jezyk-wloski\/od-fragola-do-limone-owoce-po-wlosku-ktore-warto-znac\/\">Od fragola do limone \u2013 owoce po w\u0142osku, kt\u00f3re warto zna\u0107<\/a><\/strong>, a potem uzupe\u0142nij s\u0142ownictwo o\u00a0<strong><a href=\"https:\/\/prestonpublishing.pl\/blog\/jezyk-wloski\/warzywa-po-wlosku-slownictwo-ktore-spotkasz-w-menu-kazdej-wloskiej-restauracji\/\">warzywa po w\u0142osku<\/a><\/strong>. Dzi\u0119ki temu szybko przejdziesz od prostego \u201eciao\u201d do swobodnych rozm\u00f3w o jedzeniu, zakupach i codziennym \u017cyciu \u2013 dok\u0142adnie tak, jak robi\u0105 to W\u0142osi.<\/p>\n\n\n\n<p><\/p>\n\n\n\n<p>    <div id=\"cta-69f23aef6505a\" class=\"cta-card\" style=\"padding:24px; border:1px solid #FF9632; background-color:#fff;\">\n        <div style=\"display:flex; align-items:center; gap:16px;\">\n                        \n            <div style=\"flex:1;\">\n                <h5 style=\"margin-bottom:0; text-align:center;\">\n                    Wypr\u00f3buj nasze ksi\u0105\u017cki do nauki j\u0119zyka w\u0142oskiego!                <\/h5>\n                <p style=\"margin-top:12px; margin-bottom:20px; text-align:center; line-height: 1.4\">\n                    Stawiasz pierwsze kroki w nauce j\u0119zyka w\u0142oskiego? Trudno Ci utrzyma\u0107 w g\u0142owie najbardziej podstawowe w\u0142oskie s\u0142\u00f3wka? Zastanawiasz si\u0119,&nbsp;<strong>jak skutecznie opanowa\u0107 w\u0142oski od podstaw<\/strong>\u2013 zar\u00f3wno gramatyk\u0119, jak i s\u0142ownictwo oraz wymow\u0119? Je\u015bli tak, ten zestaw jest dla Ciebie idealny!                <\/p>\n                <div style=\"text-align:center;\">\n                    <a href=\"https:\/\/prestonpublishing.pl\/wloski\/252-wloski-dla-poczatkujacych-komplet-237.html\" \n\t\t\t\t\t   class=\"button\">\n                        Zobacz wi\u0119cej                    <\/a>\n                <\/div>\n            <\/div>\n            \n                            <img decoding=\"async\" src=\"https:\/\/prestonpublishing.pl\/blog\/wp-content\/uploads\/2025\/08\/wloski-dla-poczatkujacych-komplet.jpg-e1755772435166.png\" \n                     alt=\"Wypr\u00f3buj nasze ksi\u0105\u017cki do nauki j\u0119zyka w\u0142oskiego!\" \n                     style=\"max-width:100%; max-height:150px; flex-shrink:0;\" \/>\n                    <\/div>\n    <\/div>\n    <a href=\"https:\/\/prestonpublishing.pl\/blog\/jezyk-wloski\/rosso-blu-verde-czyli-wloskie-kolory-krok-po-kroku\/?srsltid=AfmBOoqGdQLb4qKSNPo0yQLVFlqOtdLHMb3RuritaTWZ5614Fv4stksd&amp;utm_source=chatgpt.com\" target=\"_blank\" rel=\"noreferrer noopener\"><\/a><\/p>\n","protected":false},"excerpt":{"rendered":"<p>Planujesz podr\u00f3\u017ce do W\u0142och? Jeste\u015b na pocz\u0105tku swojej przygody z j\u0119zykiem w\u0142oskim? Nie wiesz, jak powiedzie\u0107 po w\u0142osku \u201ew pi\u0105tek\u201d albo \u201ew listopadzie\u201d?\u00a0W tym artykule znajdziesz wszystko, czego potrzebujesz, by bez stresu pos\u0142ugiwa\u0107 si\u0119 nazwami dni\u00a0tygodnia\u00a0i\u00a0miesi\u0119cy po w\u0142osku\u00a0\u2013 z przyk\u0142adami, zasadami i praktycznymi poradami!<\/p>\n","protected":false},"author":10,"featured_media":7498,"comment_status":"open","ping_status":"open","sticky":false,"template":"","format":"standard","meta":{"footnotes":""},"categories":[8],"tags":[141,162,172,192,257],"class_list":["post-7495","post","type-post","status-publish","format-standard","has-post-thumbnail","hentry","category-jezyk-wloski","tag-jezyk-wloski","tag-samodzielna-nauka-jezyka","tag-metody-nauki-jezyka","tag-nauka-wloskiego-od-podstaw","tag-wloski-slownictwo"],"blocksy_meta":{"header_scripts":"<script>\nnewsletterTag=\"slownictwo_wloski\";\nnewsletterTitle=\"Opanuj w\u0142oskie s\u0142ownictwo szybko i skutecznie!<br>Metoda w t\u0142umaczeniach to praktyczny spos\u00f3b na zapami\u0119tywanie s\u0142\u00f3w w kontek\u015bcie.\";\nnewsletterLead=\"Pobierz darmowe materia\u0142y i przekonaj si\u0119, jak naturalnie mo\u017cna uczy\u0107 si\u0119 s\u0142\u00f3wek. Zapisz si\u0119 na newsletter i zr\u00f3b pierwszy krok ju\u017c dzi\u015b!\";\nlpURL=\"https:\/\/prestonpublishing.pl\/blog\/slownictwo_wloski\/\";\n<\/script>","styles_descriptor":{"styles":{"desktop":"","tablet":"","mobile":""},"google_fonts":[],"version":6}},"featured_image_urls":{"full":["https:\/\/prestonpublishing.pl\/blog\/wp-content\/uploads\/2025\/04\/dni_tygodnia_miesiace_po_wlosku_Preston_Publishing.jpg",1074,716,false],"thumbnail":["https:\/\/prestonpublishing.pl\/blog\/wp-content\/uploads\/2025\/04\/dni_tygodnia_miesiace_po_wlosku_Preston_Publishing-150x150.jpg",150,150,true],"medium":["https:\/\/prestonpublishing.pl\/blog\/wp-content\/uploads\/2025\/04\/dni_tygodnia_miesiace_po_wlosku_Preston_Publishing-300x200.jpg",300,200,true],"medium_large":["https:\/\/prestonpublishing.pl\/blog\/wp-content\/uploads\/2025\/04\/dni_tygodnia_miesiace_po_wlosku_Preston_Publishing-768x512.jpg",768,512,true],"large":["https:\/\/prestonpublishing.pl\/blog\/wp-content\/uploads\/2025\/04\/dni_tygodnia_miesiace_po_wlosku_Preston_Publishing-1024x683.jpg",1024,683,true],"1536x1536":["https:\/\/prestonpublishing.pl\/blog\/wp-content\/uploads\/2025\/04\/dni_tygodnia_miesiace_po_wlosku_Preston_Publishing.jpg",1074,716,false],"2048x2048":["https:\/\/prestonpublishing.pl\/blog\/wp-content\/uploads\/2025\/04\/dni_tygodnia_miesiace_po_wlosku_Preston_Publishing.jpg",1074,716,false]},"post_excerpt_stackable":"<p>Planujesz podr\u00f3\u017ce do W\u0142och? Jeste\u015b na pocz\u0105tku swojej przygody z j\u0119zykiem w\u0142oskim? Nie wiesz, jak powiedzie\u0107 po w\u0142osku \u201ew pi\u0105tek\u201d albo \u201ew listopadzie\u201d?\u00a0W tym artykule znajdziesz wszystko, czego potrzebujesz, by bez stresu pos\u0142ugiwa\u0107 si\u0119 nazwami dni\u00a0tygodnia\u00a0i\u00a0miesi\u0119cy po w\u0142osku\u00a0\u2013 z przyk\u0142adami, zasadami i praktycznymi poradami!<\/p>\n","category_list":"<a href=\"https:\/\/prestonpublishing.pl\/blog\/category\/jezyk-wloski\/\" rel=\"category tag\">W\u0142oski<\/a>","author_info":{"name":"Sylwia Borek","url":"https:\/\/prestonpublishing.pl\/blog\/author\/sylwia\/"},"comments_num":"0 comments","yoast_head":"<!-- This site is optimized with the Yoast SEO Premium plugin v23.0 (Yoast SEO v23.0) - https:\/\/yoast.com\/wordpress\/plugins\/seo\/ -->\n<title>Giorni e mesi: dni tygodnia i miesi\u0105ce po w\u0142osku w pigu\u0142ce | Blog Preston Publishing<\/title>\n<meta name=\"description\" content=\"Poznaj dni tygodnia i miesi\u0105ce po w\u0142osku z praktycznymi przyk\u0142adami, zasadami u\u017cycia i wskaz\u00f3wkami, jak je szybko zapami\u0119ta\u0107.\" \/>\n<meta name=\"robots\" content=\"index, follow, max-snippet:-1, max-image-preview:large, max-video-preview:-1\" \/>\n<link rel=\"canonical\" href=\"https:\/\/prestonpublishing.pl\/blog\/jezyk-wloski\/giorni-e-mesi-dni-tygodnia-i-miesiace-po-wlosku-w-pigulce\/\" \/>\n<meta property=\"og:locale\" content=\"pl_PL\" \/>\n<meta property=\"og:type\" content=\"article\" \/>\n<meta property=\"og:title\" content=\"Giorni e mesi: dni tygodnia i miesi\u0105ce po w\u0142osku w pigu\u0142ce | Blog Preston Publishing\" \/>\n<meta property=\"og:description\" content=\"Poznaj dni tygodnia i miesi\u0105ce po w\u0142osku z praktycznymi przyk\u0142adami, zasadami u\u017cycia i wskaz\u00f3wkami, jak je szybko zapami\u0119ta\u0107.\" \/>\n<meta property=\"og:url\" content=\"https:\/\/prestonpublishing.pl\/blog\/jezyk-wloski\/giorni-e-mesi-dni-tygodnia-i-miesiace-po-wlosku-w-pigulce\/\" \/>\n<meta property=\"og:site_name\" content=\"Blog Preston Publishing\" \/>\n<meta property=\"article:publisher\" content=\"https:\/\/www.facebook.com\/prestonpublishing1\" \/>\n<meta property=\"article:published_time\" content=\"2025-04-25T10:43:00+00:00\" \/>\n<meta property=\"article:modified_time\" content=\"2026-04-07T09:42:07+00:00\" \/>\n<meta property=\"og:image\" content=\"https:\/\/prestonpublishing.pl\/blog\/wp-content\/uploads\/2025\/04\/dni_tygodnia_miesiace_po_wlosku_Preston_Publishing.jpg\" \/>\n\t<meta property=\"og:image:width\" content=\"1074\" \/>\n\t<meta property=\"og:image:height\" content=\"716\" \/>\n\t<meta property=\"og:image:type\" content=\"image\/jpeg\" \/>\n<meta name=\"author\" content=\"Sylwia Borek\" \/>\n<meta name=\"twitter:card\" content=\"summary_large_image\" \/>\n<meta name=\"twitter:label1\" content=\"Napisane przez\" \/>\n\t<meta name=\"twitter:data1\" content=\"Sylwia Borek\" \/>\n\t<meta name=\"twitter:label2\" content=\"Szacowany czas czytania\" \/>\n\t<meta name=\"twitter:data2\" content=\"11 minut\" \/>\n<script type=\"application\/ld+json\" class=\"yoast-schema-graph\">{\"@context\":\"https:\/\/schema.org\",\"@graph\":[{\"@type\":\"Article\",\"@id\":\"https:\/\/prestonpublishing.pl\/blog\/jezyk-wloski\/giorni-e-mesi-dni-tygodnia-i-miesiace-po-wlosku-w-pigulce\/#article\",\"isPartOf\":{\"@id\":\"https:\/\/prestonpublishing.pl\/blog\/jezyk-wloski\/giorni-e-mesi-dni-tygodnia-i-miesiace-po-wlosku-w-pigulce\/\"},\"author\":{\"name\":\"Sylwia Borek\",\"@id\":\"https:\/\/prestonpublishing.pl\/blog\/#\/schema\/person\/6c7f2dd89a232dc6fc45730f118ae633\"},\"headline\":\"Giorni e mesi: dni tygodnia i miesi\u0105ce po w\u0142osku w pigu\u0142ce\",\"datePublished\":\"2025-04-25T10:43:00+00:00\",\"dateModified\":\"2026-04-07T09:42:07+00:00\",\"mainEntityOfPage\":{\"@id\":\"https:\/\/prestonpublishing.pl\/blog\/jezyk-wloski\/giorni-e-mesi-dni-tygodnia-i-miesiace-po-wlosku-w-pigulce\/\"},\"wordCount\":2095,\"commentCount\":0,\"publisher\":{\"@id\":\"https:\/\/prestonpublishing.pl\/blog\/#organization\"},\"image\":{\"@id\":\"https:\/\/prestonpublishing.pl\/blog\/jezyk-wloski\/giorni-e-mesi-dni-tygodnia-i-miesiace-po-wlosku-w-pigulce\/#primaryimage\"},\"thumbnailUrl\":\"https:\/\/prestonpublishing.pl\/blog\/wp-content\/uploads\/2025\/04\/dni_tygodnia_miesiace_po_wlosku_Preston_Publishing.jpg\",\"keywords\":[\"j\u0119zyk w\u0142oski\",\"samodzielna nauka j\u0119zyka\",\"metody nauki j\u0119zyka\",\"nauka w\u0142oskiego od podstaw\",\"w\u0142oski s\u0142ownictwo\"],\"articleSection\":[\"W\u0142oski\"],\"inLanguage\":\"pl-PL\",\"potentialAction\":[{\"@type\":\"CommentAction\",\"name\":\"Comment\",\"target\":[\"https:\/\/prestonpublishing.pl\/blog\/jezyk-wloski\/giorni-e-mesi-dni-tygodnia-i-miesiace-po-wlosku-w-pigulce\/#respond\"]}]},{\"@type\":\"WebPage\",\"@id\":\"https:\/\/prestonpublishing.pl\/blog\/jezyk-wloski\/giorni-e-mesi-dni-tygodnia-i-miesiace-po-wlosku-w-pigulce\/\",\"url\":\"https:\/\/prestonpublishing.pl\/blog\/jezyk-wloski\/giorni-e-mesi-dni-tygodnia-i-miesiace-po-wlosku-w-pigulce\/\",\"name\":\"Giorni e mesi: dni tygodnia i miesi\u0105ce po w\u0142osku w pigu\u0142ce | Blog Preston Publishing\",\"isPartOf\":{\"@id\":\"https:\/\/prestonpublishing.pl\/blog\/#website\"},\"primaryImageOfPage\":{\"@id\":\"https:\/\/prestonpublishing.pl\/blog\/jezyk-wloski\/giorni-e-mesi-dni-tygodnia-i-miesiace-po-wlosku-w-pigulce\/#primaryimage\"},\"image\":{\"@id\":\"https:\/\/prestonpublishing.pl\/blog\/jezyk-wloski\/giorni-e-mesi-dni-tygodnia-i-miesiace-po-wlosku-w-pigulce\/#primaryimage\"},\"thumbnailUrl\":\"https:\/\/prestonpublishing.pl\/blog\/wp-content\/uploads\/2025\/04\/dni_tygodnia_miesiace_po_wlosku_Preston_Publishing.jpg\",\"datePublished\":\"2025-04-25T10:43:00+00:00\",\"dateModified\":\"2026-04-07T09:42:07+00:00\",\"description\":\"Poznaj dni tygodnia i miesi\u0105ce po w\u0142osku z praktycznymi przyk\u0142adami, zasadami u\u017cycia i wskaz\u00f3wkami, jak je szybko zapami\u0119ta\u0107.\",\"breadcrumb\":{\"@id\":\"https:\/\/prestonpublishing.pl\/blog\/jezyk-wloski\/giorni-e-mesi-dni-tygodnia-i-miesiace-po-wlosku-w-pigulce\/#breadcrumb\"},\"inLanguage\":\"pl-PL\",\"potentialAction\":[{\"@type\":\"ReadAction\",\"target\":[\"https:\/\/prestonpublishing.pl\/blog\/jezyk-wloski\/giorni-e-mesi-dni-tygodnia-i-miesiace-po-wlosku-w-pigulce\/\"]}]},{\"@type\":\"ImageObject\",\"inLanguage\":\"pl-PL\",\"@id\":\"https:\/\/prestonpublishing.pl\/blog\/jezyk-wloski\/giorni-e-mesi-dni-tygodnia-i-miesiace-po-wlosku-w-pigulce\/#primaryimage\",\"url\":\"https:\/\/prestonpublishing.pl\/blog\/wp-content\/uploads\/2025\/04\/dni_tygodnia_miesiace_po_wlosku_Preston_Publishing.jpg\",\"contentUrl\":\"https:\/\/prestonpublishing.pl\/blog\/wp-content\/uploads\/2025\/04\/dni_tygodnia_miesiace_po_wlosku_Preston_Publishing.jpg\",\"width\":1074,\"height\":716,\"caption\":\"u\u015bmiechni\u0119ta dziewczyna w czapeczce i koszulce w czerwone paski trzymaj\u0105ca za soba flag\u0119 w\u0142oska nauka j\u0119zyka w\u0142oskiego Preston Publishing\"},{\"@type\":\"BreadcrumbList\",\"@id\":\"https:\/\/prestonpublishing.pl\/blog\/jezyk-wloski\/giorni-e-mesi-dni-tygodnia-i-miesiace-po-wlosku-w-pigulce\/#breadcrumb\",\"itemListElement\":[{\"@type\":\"ListItem\",\"position\":1,\"name\":\"PrestonPublishing Blog\",\"item\":\"https:\/\/prestonpublishing.pl\/blog\/\"},{\"@type\":\"ListItem\",\"position\":2,\"name\":\"Giorni e mesi: dni tygodnia i miesi\u0105ce po w\u0142osku w pigu\u0142ce\"}]},{\"@type\":\"WebSite\",\"@id\":\"https:\/\/prestonpublishing.pl\/blog\/#website\",\"url\":\"https:\/\/prestonpublishing.pl\/blog\/\",\"name\":\"Blog Preston Publishing\",\"description\":\"Artyku\u0142y o nauce j\u0119zyk\u00f3w obcych\",\"publisher\":{\"@id\":\"https:\/\/prestonpublishing.pl\/blog\/#organization\"},\"alternateName\":\"Blog Preston\",\"potentialAction\":[{\"@type\":\"SearchAction\",\"target\":{\"@type\":\"EntryPoint\",\"urlTemplate\":\"https:\/\/prestonpublishing.pl\/blog\/?s={search_term_string}\"},\"query-input\":\"required name=search_term_string\"}],\"inLanguage\":\"pl-PL\"},{\"@type\":\"Organization\",\"@id\":\"https:\/\/prestonpublishing.pl\/blog\/#organization\",\"name\":\"PrestonPublishing Blog\",\"url\":\"https:\/\/prestonpublishing.pl\/blog\/\",\"logo\":{\"@type\":\"ImageObject\",\"inLanguage\":\"pl-PL\",\"@id\":\"https:\/\/prestonpublishing.pl\/blog\/#\/schema\/logo\/image\/\",\"url\":\"https:\/\/prestonpublishing.pl\/blog\/wp-content\/uploads\/2025\/01\/preston-logo-tagline-no-padding.svg\",\"contentUrl\":\"https:\/\/prestonpublishing.pl\/blog\/wp-content\/uploads\/2025\/01\/preston-logo-tagline-no-padding.svg\",\"caption\":\"PrestonPublishing Blog\"},\"image\":{\"@id\":\"https:\/\/prestonpublishing.pl\/blog\/#\/schema\/logo\/image\/\"},\"sameAs\":[\"https:\/\/www.facebook.com\/prestonpublishing1\",\"https:\/\/www.instagram.com\/prestonpublishing\/\",\"https:\/\/www.linkedin.com\/company\/prestonpublishing\"]},{\"@type\":\"Person\",\"@id\":\"https:\/\/prestonpublishing.pl\/blog\/#\/schema\/person\/6c7f2dd89a232dc6fc45730f118ae633\",\"name\":\"Sylwia Borek\",\"url\":\"https:\/\/prestonpublishing.pl\/blog\/author\/sylwia\/\"}]}<\/script>\n<!-- \/ Yoast SEO Premium plugin. -->","yoast_head_json":{"title":"Giorni e mesi: dni tygodnia i miesi\u0105ce po w\u0142osku w pigu\u0142ce | Blog Preston Publishing","description":"Poznaj dni tygodnia i miesi\u0105ce po w\u0142osku z praktycznymi przyk\u0142adami, zasadami u\u017cycia i wskaz\u00f3wkami, jak je szybko zapami\u0119ta\u0107.","robots":{"index":"index","follow":"follow","max-snippet":"max-snippet:-1","max-image-preview":"max-image-preview:large","max-video-preview":"max-video-preview:-1"},"canonical":"https:\/\/prestonpublishing.pl\/blog\/jezyk-wloski\/giorni-e-mesi-dni-tygodnia-i-miesiace-po-wlosku-w-pigulce\/","og_locale":"pl_PL","og_type":"article","og_title":"Giorni e mesi: dni tygodnia i miesi\u0105ce po w\u0142osku w pigu\u0142ce | Blog Preston Publishing","og_description":"Poznaj dni tygodnia i miesi\u0105ce po w\u0142osku z praktycznymi przyk\u0142adami, zasadami u\u017cycia i wskaz\u00f3wkami, jak je szybko zapami\u0119ta\u0107.","og_url":"https:\/\/prestonpublishing.pl\/blog\/jezyk-wloski\/giorni-e-mesi-dni-tygodnia-i-miesiace-po-wlosku-w-pigulce\/","og_site_name":"Blog Preston Publishing","article_publisher":"https:\/\/www.facebook.com\/prestonpublishing1","article_published_time":"2025-04-25T10:43:00+00:00","article_modified_time":"2026-04-07T09:42:07+00:00","og_image":[{"width":1074,"height":716,"url":"https:\/\/prestonpublishing.pl\/blog\/wp-content\/uploads\/2025\/04\/dni_tygodnia_miesiace_po_wlosku_Preston_Publishing.jpg","type":"image\/jpeg"}],"author":"Sylwia Borek","twitter_card":"summary_large_image","twitter_misc":{"Napisane przez":"Sylwia Borek","Szacowany czas czytania":"11 minut"},"schema":{"@context":"https:\/\/schema.org","@graph":[{"@type":"Article","@id":"https:\/\/prestonpublishing.pl\/blog\/jezyk-wloski\/giorni-e-mesi-dni-tygodnia-i-miesiace-po-wlosku-w-pigulce\/#article","isPartOf":{"@id":"https:\/\/prestonpublishing.pl\/blog\/jezyk-wloski\/giorni-e-mesi-dni-tygodnia-i-miesiace-po-wlosku-w-pigulce\/"},"author":{"name":"Sylwia Borek","@id":"https:\/\/prestonpublishing.pl\/blog\/#\/schema\/person\/6c7f2dd89a232dc6fc45730f118ae633"},"headline":"Giorni e mesi: dni tygodnia i miesi\u0105ce po w\u0142osku w pigu\u0142ce","datePublished":"2025-04-25T10:43:00+00:00","dateModified":"2026-04-07T09:42:07+00:00","mainEntityOfPage":{"@id":"https:\/\/prestonpublishing.pl\/blog\/jezyk-wloski\/giorni-e-mesi-dni-tygodnia-i-miesiace-po-wlosku-w-pigulce\/"},"wordCount":2095,"commentCount":0,"publisher":{"@id":"https:\/\/prestonpublishing.pl\/blog\/#organization"},"image":{"@id":"https:\/\/prestonpublishing.pl\/blog\/jezyk-wloski\/giorni-e-mesi-dni-tygodnia-i-miesiace-po-wlosku-w-pigulce\/#primaryimage"},"thumbnailUrl":"https:\/\/prestonpublishing.pl\/blog\/wp-content\/uploads\/2025\/04\/dni_tygodnia_miesiace_po_wlosku_Preston_Publishing.jpg","keywords":["j\u0119zyk w\u0142oski","samodzielna nauka j\u0119zyka","metody nauki j\u0119zyka","nauka w\u0142oskiego od podstaw","w\u0142oski s\u0142ownictwo"],"articleSection":["W\u0142oski"],"inLanguage":"pl-PL","potentialAction":[{"@type":"CommentAction","name":"Comment","target":["https:\/\/prestonpublishing.pl\/blog\/jezyk-wloski\/giorni-e-mesi-dni-tygodnia-i-miesiace-po-wlosku-w-pigulce\/#respond"]}]},{"@type":"WebPage","@id":"https:\/\/prestonpublishing.pl\/blog\/jezyk-wloski\/giorni-e-mesi-dni-tygodnia-i-miesiace-po-wlosku-w-pigulce\/","url":"https:\/\/prestonpublishing.pl\/blog\/jezyk-wloski\/giorni-e-mesi-dni-tygodnia-i-miesiace-po-wlosku-w-pigulce\/","name":"Giorni e mesi: dni tygodnia i miesi\u0105ce po w\u0142osku w pigu\u0142ce | Blog Preston Publishing","isPartOf":{"@id":"https:\/\/prestonpublishing.pl\/blog\/#website"},"primaryImageOfPage":{"@id":"https:\/\/prestonpublishing.pl\/blog\/jezyk-wloski\/giorni-e-mesi-dni-tygodnia-i-miesiace-po-wlosku-w-pigulce\/#primaryimage"},"image":{"@id":"https:\/\/prestonpublishing.pl\/blog\/jezyk-wloski\/giorni-e-mesi-dni-tygodnia-i-miesiace-po-wlosku-w-pigulce\/#primaryimage"},"thumbnailUrl":"https:\/\/prestonpublishing.pl\/blog\/wp-content\/uploads\/2025\/04\/dni_tygodnia_miesiace_po_wlosku_Preston_Publishing.jpg","datePublished":"2025-04-25T10:43:00+00:00","dateModified":"2026-04-07T09:42:07+00:00","description":"Poznaj dni tygodnia i miesi\u0105ce po w\u0142osku z praktycznymi przyk\u0142adami, zasadami u\u017cycia i wskaz\u00f3wkami, jak je szybko zapami\u0119ta\u0107.","breadcrumb":{"@id":"https:\/\/prestonpublishing.pl\/blog\/jezyk-wloski\/giorni-e-mesi-dni-tygodnia-i-miesiace-po-wlosku-w-pigulce\/#breadcrumb"},"inLanguage":"pl-PL","potentialAction":[{"@type":"ReadAction","target":["https:\/\/prestonpublishing.pl\/blog\/jezyk-wloski\/giorni-e-mesi-dni-tygodnia-i-miesiace-po-wlosku-w-pigulce\/"]}]},{"@type":"ImageObject","inLanguage":"pl-PL","@id":"https:\/\/prestonpublishing.pl\/blog\/jezyk-wloski\/giorni-e-mesi-dni-tygodnia-i-miesiace-po-wlosku-w-pigulce\/#primaryimage","url":"https:\/\/prestonpublishing.pl\/blog\/wp-content\/uploads\/2025\/04\/dni_tygodnia_miesiace_po_wlosku_Preston_Publishing.jpg","contentUrl":"https:\/\/prestonpublishing.pl\/blog\/wp-content\/uploads\/2025\/04\/dni_tygodnia_miesiace_po_wlosku_Preston_Publishing.jpg","width":1074,"height":716,"caption":"u\u015bmiechni\u0119ta dziewczyna w czapeczce i koszulce w czerwone paski trzymaj\u0105ca za soba flag\u0119 w\u0142oska nauka j\u0119zyka w\u0142oskiego Preston Publishing"},{"@type":"BreadcrumbList","@id":"https:\/\/prestonpublishing.pl\/blog\/jezyk-wloski\/giorni-e-mesi-dni-tygodnia-i-miesiace-po-wlosku-w-pigulce\/#breadcrumb","itemListElement":[{"@type":"ListItem","position":1,"name":"PrestonPublishing Blog","item":"https:\/\/prestonpublishing.pl\/blog\/"},{"@type":"ListItem","position":2,"name":"Giorni e mesi: dni tygodnia i miesi\u0105ce po w\u0142osku w pigu\u0142ce"}]},{"@type":"WebSite","@id":"https:\/\/prestonpublishing.pl\/blog\/#website","url":"https:\/\/prestonpublishing.pl\/blog\/","name":"Blog Preston Publishing","description":"Artyku\u0142y o nauce j\u0119zyk\u00f3w obcych","publisher":{"@id":"https:\/\/prestonpublishing.pl\/blog\/#organization"},"alternateName":"Blog Preston","potentialAction":[{"@type":"SearchAction","target":{"@type":"EntryPoint","urlTemplate":"https:\/\/prestonpublishing.pl\/blog\/?s={search_term_string}"},"query-input":"required name=search_term_string"}],"inLanguage":"pl-PL"},{"@type":"Organization","@id":"https:\/\/prestonpublishing.pl\/blog\/#organization","name":"PrestonPublishing Blog","url":"https:\/\/prestonpublishing.pl\/blog\/","logo":{"@type":"ImageObject","inLanguage":"pl-PL","@id":"https:\/\/prestonpublishing.pl\/blog\/#\/schema\/logo\/image\/","url":"https:\/\/prestonpublishing.pl\/blog\/wp-content\/uploads\/2025\/01\/preston-logo-tagline-no-padding.svg","contentUrl":"https:\/\/prestonpublishing.pl\/blog\/wp-content\/uploads\/2025\/01\/preston-logo-tagline-no-padding.svg","caption":"PrestonPublishing Blog"},"image":{"@id":"https:\/\/prestonpublishing.pl\/blog\/#\/schema\/logo\/image\/"},"sameAs":["https:\/\/www.facebook.com\/prestonpublishing1","https:\/\/www.instagram.com\/prestonpublishing\/","https:\/\/www.linkedin.com\/company\/prestonpublishing"]},{"@type":"Person","@id":"https:\/\/prestonpublishing.pl\/blog\/#\/schema\/person\/6c7f2dd89a232dc6fc45730f118ae633","name":"Sylwia Borek","url":"https:\/\/prestonpublishing.pl\/blog\/author\/sylwia\/"}]}},"_links":{"self":[{"href":"https:\/\/prestonpublishing.pl\/blog\/wp-json\/wp\/v2\/posts\/7495","targetHints":{"allow":["GET"]}}],"collection":[{"href":"https:\/\/prestonpublishing.pl\/blog\/wp-json\/wp\/v2\/posts"}],"about":[{"href":"https:\/\/prestonpublishing.pl\/blog\/wp-json\/wp\/v2\/types\/post"}],"author":[{"embeddable":true,"href":"https:\/\/prestonpublishing.pl\/blog\/wp-json\/wp\/v2\/users\/10"}],"replies":[{"embeddable":true,"href":"https:\/\/prestonpublishing.pl\/blog\/wp-json\/wp\/v2\/comments?post=7495"}],"version-history":[{"count":13,"href":"https:\/\/prestonpublishing.pl\/blog\/wp-json\/wp\/v2\/posts\/7495\/revisions"}],"predecessor-version":[{"id":8897,"href":"https:\/\/prestonpublishing.pl\/blog\/wp-json\/wp\/v2\/posts\/7495\/revisions\/8897"}],"wp:featuredmedia":[{"embeddable":true,"href":"https:\/\/prestonpublishing.pl\/blog\/wp-json\/wp\/v2\/media\/7498"}],"wp:attachment":[{"href":"https:\/\/prestonpublishing.pl\/blog\/wp-json\/wp\/v2\/media?parent=7495"}],"wp:term":[{"taxonomy":"category","embeddable":true,"href":"https:\/\/prestonpublishing.pl\/blog\/wp-json\/wp\/v2\/categories?post=7495"},{"taxonomy":"post_tag","embeddable":true,"href":"https:\/\/prestonpublishing.pl\/blog\/wp-json\/wp\/v2\/tags?post=7495"}],"curies":[{"name":"wp","href":"https:\/\/api.w.org\/{rel}","templated":true}]}}